{"id":7672,"date":"2025-12-29T16:28:50","date_gmt":"2025-12-29T16:28:50","guid":{"rendered":"https:\/\/libertetogo.tg\/?p=7672"},"modified":"2025-12-29T16:28:50","modified_gmt":"2025-12-29T16:28:50","slug":"faure-gnassingbe-malmene-son-peuple-pendant-quil-pretend-chercher-la-paix-pour-les-autres","status":"publish","type":"post","link":"https:\/\/libertetogo.tg\/index.php\/faure-gnassingbe-malmene-son-peuple-pendant-quil-pretend-chercher-la-paix-pour-les-autres\/politique\/","title":{"rendered":"Faure Gnassingb\u00e9 malm\u00e8ne son peuple, pendant qu\u2019il pr\u00e9tend chercher la paix pour les autres"},"content":{"rendered":"<p>\u00ab Faure Gnassingb\u00e9 offre ses services de \u00ab faiseur de paix \u00bb \u00e0 qui veut en Afrique. Concernant le Togo, sa vision de la paix civile est opaque : situation des prisonniers politiques et d\u2019opinion aggrav\u00e9e, m\u00e9pris du peuple, droits humains viol\u00e9s, entrav\u00e9s, tel est le visage du Togo. Ainsi plusieurs d\u00e9tenus politiques ont entam\u00e9 une gr\u00e8ve de la faim collective pour d\u00e9noncer leur d\u00e9tention arbitraire \u00bb (Fran\u00e7ois FABREGAT, Le Club de Mediapart)<\/p>\n<p>Faure Gnassingb\u00e9 d\u00e9sormais au-dessus de la m\u00eal\u00e9e ? Ou est-il plut\u00f4t la cause de la m\u00eal\u00e9e ? Tout le monde, presque, conviendra avec nous que notre deuxi\u00e8me assertion est la vraie. Faure Gnassingb\u00e9 est bel et bien la cause du mal togolais, pour ne pas dire qu\u00b4il est le mal togolais. \u00c0 le voir se comporter aujourd\u00b4hui, passant le clair de son temps dans les airs, pr\u00e9tendant chercher la paix pour les autres, tout observateur qui ne conna\u00eet pas la situation politique togolaise conclurait que le fils \u00e0 papa n\u00b4a rien \u00e0 voir avec ce qui se passe dans son pays, qu\u00b4il aurait d\u00e9j\u00e0 fait sa part en termes de libert\u00e9, de d\u00e9mocratie pour ses concitoyens.\u00a0 Mais la r\u00e9alit\u00e9 est tout autre. Oui, qu\u00b4est-ce qui fait courir Faure Gnassingb\u00e9 ? Ou plut\u00f4t, qu\u00b4est-ce qui fait courir Faure Gnassingb\u00e9 et son ministre des Affaires \u00e9trang\u00e8res, Robert Dussey ? Sommets, forums ou conf\u00e9rences sur la paix, voil\u00e0 ce qui pr\u00e9occupe d\u00e9sormais le prince-h\u00e9ritier togolais.<\/p>\n<p>Il nous est tr\u00e8s difficile de comprendre pourquoi des soi-disant dirigeants d\u00b4un pays comme le Togo, qui va de crise politique en crise politique depuis le d\u00e9but des ann\u00e9es 90, un pays qui n\u00b4a fait que subir violations des droits de l\u00b4homme et crimes de toutes sortes pour qu\u00b4un clan politique, de p\u00e8re en fils, reste au pouvoir, puissent encore avoir un tel m\u00e9pris, un tel manque de respect vis-\u00e0-vis de leurs concitoyens. Faure Gnassingb\u00e9 se r\u00e9fugie derri\u00e8re l\u00b4alibi des sommets et conf\u00e9rences pour ne pas s&rsquo;occuper expr\u00e8s des probl\u00e8mes domestiques. Les responsables politiques des pays o\u00f9 il y a d\u00e9mocratie et alternance au sommet des \u00e9tats ne font pas de telles gesticulations et s&rsquo;occupent plut\u00f4t des probl\u00e8mes de leurs peuples. Et c&rsquo;est justement celui qui est arriv\u00e9 au pouvoir en 2005 dans les circonstances catastrophiques que tout le monde sait, qui fait changer la constitution de son pays, sans consulter le peuple, pour supprimer l&rsquo;\u00e9lection pr\u00e9sidentielle, qui se fait appeler aujourd\u00b4hui pr\u00e9sident du conseil, et qui est largement contest\u00e9, qui se fait voir le plus, au lieu de s&rsquo;occuper de ses oignons.<\/p>\n<p>Dans un pass\u00e9 r\u00e9cent il y eut des personnalit\u00e9s politiques africaines qui ont fait \u00e9talage de leur sagesse et de leur amour pour leurs peuples en organisant une transition d\u00e9mocratique suivie d\u00b4\u00e9lections pr\u00e9sidentielles pour lesquelles ils n\u00b4\u00e9taient pas candidats, mettant leur pays sur le chemin de la d\u00e9mocratie. Nous pouvons citer par exemple Amadou Toumani Tour\u00e9 (ATT) au Mali, tombeur du G\u00e9n\u00e9ral Moussa Traor\u00e9 en 1991. Revenu au pouvoir en 2002 comme pr\u00e9sident d\u00e9mocratiquement \u00e9lu, ATT est surnomm\u00e9 le soldat de la d\u00e9mocratie et pouvait bomber le torse et parcourir l\u00b4Afrique et le monde pour des missions de bons offices.\u00a0 En juin 2001, il est l\u2019envoy\u00e9 sp\u00e9cial du secr\u00e9taire g\u00e9n\u00e9ral des Nations unies, Kofi Annan, en R\u00e9publique centrafricaine, apr\u00e8s un coup d\u2019\u00c9tat manqu\u00e9 contre Ange-F\u00e9lix Patass\u00e9. L\u00b4ancien pr\u00e9sident de la r\u00e9publique du Nigeria, Olusegun Obasanjo, gr\u00e2ce \u00e0 son passage \u00e9logieux \u00e0 la t\u00eate de son pays, fut lui aussi sollicit\u00e9 pour sa sagesse politique, pour aider \u00e0 \u00e9teindre des foyers de crise \u00e0 travers le monde. En 2008 il est nomm\u00e9 envoy\u00e9 sp\u00e9cial de l\u00b4ONU charg\u00e9 de la crise congolaise, il est depuis 2008 membre de l&rsquo;Africa Progress Panel, une fondation bas\u00e9e \u00e0 Gen\u00e8ve et pr\u00e9sid\u00e9e par Kofi Annan. En ao\u00fbt 2021, l&rsquo;Union africaine le nomme au poste de Haut repr\u00e9sentant pour la Corne de l&rsquo;Afrique&#8230;<\/p>\n<p>Voil\u00e0 un \u00e9chantillon de personnalit\u00e9s qui, gr\u00e2ce \u00e0 leur exp\u00e9rience ou sagesse politique, peuvent ou pouvaient parcourir l\u00b4Afrique et le monde pour conseiller la paix et la d\u00e9mocratie. Rappelons que Amadou Toumani Tour\u00e9 est d\u00e9c\u00e9d\u00e9 le 10 novembre 2020 \u00e0 Istanbul en Turquie. Nous avons voulu faire cette parenth\u00e8se pour montrer le caract\u00e8re ridicule et surtout contradictoire des gesticulations du \u00ab pr\u00e9sident du conseil \u00bb du Togo, pr\u00e9tendant aimer et apporter la paix chez les autres, alors qu\u00b4il est la cause du drame politique dans son pays. En faisant semblant de jouer \u00e0 l\u00b4homme de la paix, en participant, par exemple, le 30 octobre 2025 \u00e0 Paris \u00e0 une conf\u00e9rence sur la paix dans la r\u00e9gion des Grands Lacs, \u00e0 quelle exp\u00e9rience dans ce domaine peut vraiment se r\u00e9f\u00e9rer Faure Gnassingb\u00e9, lui dont la calamiteuse gouvernance risque de mettre en danger la coh\u00e9sion nationale au Togo ? Nous lisons par ailleurs qu\u00b4il serait le m\u00e9diateur de l\u00b4Union Africaine pour la RDC. Encore une de ces contradictions africaines qui tirent le continent noir vers le bas depuis des d\u00e9cennies, voire des si\u00e8cles. D\u00e9signer quelqu\u00b4un comme m\u00e9diateur dans un conflit, dont le quotidien dans son pays est fait de chasse \u00e0 l\u2019opposant, d\u00b4arrestations arbitraires et surtout de refus de lib\u00e9rer les prisonniers politiques, est irresponsable.<\/p>\n<p>Et il ne serait pas \u00e9tonnant que ce soit Robert Dussey qui ait fait des pieds et des mains pour arriver \u00e0 cette honteuse d\u00e9signation qui n\u00b4honore pas l\u00b4Afrique, pour faire croire que tout va bien au Togo, alors que lui et son chef devraient \u00eatre les premiers \u00e0 savoir que tout est bloqu\u00e9 par justement cette m\u00e9chancet\u00e9 de leur part. Le Togo, les Togolais et les Togolaises m\u00e9ritent mieux que cette gouvernance hasardeuse, doubl\u00e9e de la politique de l\u00b4autruche choisie par Faure Gnassingb\u00e9, une strat\u00e9gie m\u00e9prisante pour son peuple qui ne demande qu\u00b4\u00e0 vivre en paix, en libert\u00e9, en d\u00e9mocratie et profiter sans discrimination des richesses du pays qui l\u00b4a vu na\u00eetre.<\/p>\n<p>&nbsp;<\/p>\n<p>Samari Tchadjobo<\/p>\n<p>&nbsp;<\/p>\n<p>&nbsp;<\/p>\n<p>&nbsp;<\/p>\n<p>&nbsp;<\/p>\n<p>&nbsp;<\/p>\n<p>&nbsp;<\/p>\n<p>&nbsp;<\/p>\n<p>&nbsp;<\/p>\n","protected":false},"excerpt":{"rendered":"<p>\u00ab Faure Gnassingb\u00e9 offre ses services de \u00ab faiseur de paix \u00bb \u00e0 qui veut en Afrique. Concernant le Togo, sa vision de la paix civile est opaque : situation des prisonniers politiques et d\u2019opinion aggrav\u00e9e, m\u00e9pris du peuple, droits humains viol\u00e9s, entrav\u00e9s, tel est le visage du Togo. Ainsi plusieurs d\u00e9tenus politiques ont entam\u00e9 &hellip;<\/p>\n","protected":false},"author":2,"featured_media":7673,"comment_status":"open","ping_status":"open","sticky":false,"template":"","format":"standard","meta":{"footnotes":""},"categories":[4],"tags":[27,1027,13],"class_list":["post-7672","post","type-post","status-publish","format-standard","has-post-thumbnail","hentry","category-politique","tag-faure-gnassingbe","tag-paix","tag-togo"],"_links":{"self":[{"href":"https:\/\/libertetogo.tg\/index.php\/wp-json\/wp\/v2\/posts\/7672","targetHints":{"allow":["GET"]}}],"collection":[{"href":"https:\/\/libertetogo.tg\/index.php\/wp-json\/wp\/v2\/posts"}],"about":[{"href":"https:\/\/libertetogo.tg\/index.php\/wp-json\/wp\/v2\/types\/post"}],"author":[{"embeddable":true,"href":"https:\/\/libertetogo.tg\/index.php\/wp-json\/wp\/v2\/users\/2"}],"replies":[{"embeddable":true,"href":"https:\/\/libertetogo.tg\/index.php\/wp-json\/wp\/v2\/comments?post=7672"}],"version-history":[{"count":1,"href":"https:\/\/libertetogo.tg\/index.php\/wp-json\/wp\/v2\/posts\/7672\/revisions"}],"predecessor-version":[{"id":7674,"href":"https:\/\/libertetogo.tg\/index.php\/wp-json\/wp\/v2\/posts\/7672\/revisions\/7674"}],"wp:featuredmedia":[{"embeddable":true,"href":"https:\/\/libertetogo.tg\/index.php\/wp-json\/wp\/v2\/media\/7673"}],"wp:attachment":[{"href":"https:\/\/libertetogo.tg\/index.php\/wp-json\/wp\/v2\/media?parent=7672"}],"wp:term":[{"taxonomy":"category","embeddable":true,"href":"https:\/\/libertetogo.tg\/index.php\/wp-json\/wp\/v2\/categories?post=7672"},{"taxonomy":"post_tag","embeddable":true,"href":"https:\/\/libertetogo.tg\/index.php\/wp-json\/wp\/v2\/tags?post=7672"}],"curies":[{"name":"wp","href":"https:\/\/api.w.org\/{rel}","templated":true}]}}