{"id":7540,"date":"2025-10-07T19:02:49","date_gmt":"2025-10-07T19:02:49","guid":{"rendered":"https:\/\/libertetogo.tg\/?p=7540"},"modified":"2025-10-07T19:02:49","modified_gmt":"2025-10-07T19:02:49","slug":"rumeurs-sur-une-possible-liberation-dune-categorie-des-prisonniers-politiques","status":"publish","type":"post","link":"https:\/\/libertetogo.tg\/index.php\/rumeurs-sur-une-possible-liberation-dune-categorie-des-prisonniers-politiques\/politique\/","title":{"rendered":"Rumeurs sur une possible lib\u00e9ration d\u2019une cat\u00e9gorie des prisonniers politiques"},"content":{"rendered":"<p>Ce sont nos confr\u00e8res de l\u00b4hebdomadaire \u00ab La D\u00e9p\u00eache \u00bb, dans leur parution N\u00b0 1236 du 27 ao\u00fbt 2025, qui annoncent la nouvelle. \u00ab Le climat politique togolais pourrait conna\u00eetre un tournant d\u00e9cisif dans les jours \u00e0 venir. Le gouvernement a annonc\u00e9, ce vendredi, selon une source judiciaire une mesure d\u2019assouplissement visant \u00e0 lib\u00e9rer plusieurs d\u00e9tenus politiques ayant d\u00e9j\u00e0 purg\u00e9 plus de la moiti\u00e9 de leur peine. Une annonce qui s\u2019inscrit dans une dynamique de d\u00e9crispation politique. \u00bb Le caract\u00e8re flou du projet d\u00b4une \u00e9ventuelle lib\u00e9ration de d\u00e9tenus politiques s\u00b4explique par une annonce qui s\u00b4apparenterait \u00e0 des rumeurs, puisqu\u00b4il n\u00b4y a pas eu jusqu\u00b4\u00e0 ce jour une communication claire du gouvernement ou de la justice sur le sujet. Le projet consisterait \u00e0 faire lib\u00e9rer des prisonniers politiques qui auraient d\u00e9j\u00e0 purg\u00e9 la moiti\u00e9 de leurs peines et qui ne seraient pas impliqu\u00e9s dans des faits de violence grave ou de crimes de sang. Les m\u00eames rumeurs annonceraient la lib\u00e9ration d\u00b4un poids lourd comme Kpatcha Gnassingb\u00e9. Mais de s\u00e9rieux achoppements que nous constatons sur le terrain viennent malheureusement freiner le peu d\u00b4enthousiasme que suscite cette annonce du bout des l\u00e8vres chez les Togolais.<\/p>\n<p>En effet, il y a aujourd\u00b4hui en tout et pour tout 106 prisonniers politiques, toutes cat\u00e9gories confondues, sans les d\u00e9tenus des derni\u00e8res manifestations de juin et juillet 2025. Et il est tr\u00e8s important de pr\u00e9ciser que parmi les 106, 10 sont d\u00e9c\u00e9d\u00e9s en prison dont la plupart suite aux s\u00e9quelles des actes de torture dont ils avaient \u00e9t\u00e9 victimes pendant les premiers moments de leur d\u00e9tention. Et il est \u00e9galement tr\u00e8s important d\u00b4ajouter que parmi les 10 malheureux qui ont quitt\u00e9 ce monde, un d\u00e9tenu, Karrou Wawim, arr\u00eat\u00e9 le 21 d\u00e9cembre 2018 et mort le 07 f\u00e9vrier 2025, est le seul qui appartenait au groupe dit de \u00ab Aziz Goma \u00bb, un groupe de 14 prisonniers dont Aziz Goma lui-m\u00eame. Et les 14 citoyens togolais de ce groupe sont les d\u00e9tenus \u00e0 avoir d\u00e9j\u00e0 \u00e9t\u00e9 jug\u00e9s et condamn\u00e9s. Ajout\u00e9s \u00e0 Kpatcha Gnassingb\u00e9 et au commandant Atti, les deux arr\u00eat\u00e9s en 2009 et condamn\u00e9s en 2011, nous avons au total 16 prisonniers politiques jug\u00e9s et condamn\u00e9s. L\u00b4autre groupe des 9 prisonniers d\u00e9c\u00e9d\u00e9s faisaient partie des arr\u00eat\u00e9s ou kidnapp\u00e9s en novembre et d\u00e9cembre 2019 ; un groupe auquel les autorit\u00e9s judiciaires togolaises ont donn\u00e9 le nom de \u00ab comploteurs de Tigre R\u00e9volution \u00bb. Les malheureux citoyens togolais embastill\u00e9s sous ce motif comptent en leur sein une femme, Traor\u00e9 L\u00e9ila, qui allaitait son b\u00e9b\u00e9 au moment de son arrestation.<\/p>\n<p>Ouvrons une parenth\u00e8se pour pr\u00e9ciser qu\u00b4en fait, tous ces kidnapp\u00e9s de novembre 2018 \u00e0 f\u00e9vrier 2020 sont des victimes de la rafle d\u00e9cid\u00e9e par le r\u00e9gime Gnassingb\u00e9 pour pr\u00e9venir un nouveau \u00ab 19 ao\u00fbt \u00bb. C\u00b4\u00e9tait donc pour \u00e9viter, comme Gilbert Bawara l\u00b4avait pr\u00e9venu \u00e0 l\u00b4\u00e9poque sur \u00ab New World TV \u00bb, un nouveau soul\u00e8vement de l\u00b4ampleur de celui du 19 ao\u00fbt 2017, initi\u00e9 par le Parti National Panafricain (PNP) de Salifou Tikpi Atchadam, que d\u00b4imaginaires complots comme \u00ab Aziz Goma et son groupe \u00bb et \u00ab Tigre R\u00e9volution \u00bb furent invent\u00e9s. La grande majorit\u00e9 des malheureux embastill\u00e9s et des d\u00e9c\u00e9d\u00e9s en d\u00e9tention sont ou \u00e9taient membres ou sympathisants du PNP ; et tout Togolais ou tout observateur aurait remarqu\u00e9 que la consonance des noms des prisonniers politiques arr\u00eat\u00e9s apr\u00e8s le 19 ao\u00fbt 2017 renvoie \u00e0 une certaine communaut\u00e9 ethnique de notre pays. Et c\u00b4est seulement Yakoubou Moutawakilou qui fut clairement et officiellement identifi\u00e9 comme prisonnier politique, responsable du PNP \u00e0 Kpalim\u00e9. Arr\u00eat\u00e9 le 25 janvier 2020 dans cette ville, d\u00e9tenu au camp GIPN d\u00b4Ago\u00e8 et \u00e0 la prison civile de Lom\u00e9, il rendra l\u00b4\u00e2me le 26 ao\u00fbt 2021 suite aux traitements inhumains dont il fut l\u00b4objet au d\u00e9but de sa d\u00e9tention.<\/p>\n<p>En dehors des seuls 16 prisonniers, d\u00e9j\u00e0 jug\u00e9s et condamn\u00e9s, regroupant la frange d\u00b4Aziz Goma, Kpatcha Gnassingb\u00e9 et le Commandant Atti, qui auraient d\u00e9j\u00e0 largement purg\u00e9 la moiti\u00e9 de leurs peines et qui seraient donc lib\u00e9rables, selon l\u2019annonce ou les rumeurs, quel sort sera r\u00e9serv\u00e9 \u00e0 ceux qui n\u00b4ont jamais \u00e9t\u00e9 jug\u00e9s et condamn\u00e9s ? Par exemple, en dehors des d\u00e9tenus de \u00ab Tigre R\u00e9volution \u00bb qui n\u00b4ont jamais \u00e9t\u00e9 jug\u00e9s et condamn\u00e9s et dont nous venons de parler, il y a \u00e9galement et surtout l\u00b4activiste politique et militant de la Dynamique Monseigneur KPODZRO (DMK) r\u00e9sidant en Suisse, Jean-Paul OUMOLOU, enlev\u00e9 au petit matin du jeudi 4 novembre 2021, au quartier H\u00e9dzranawo\u00e9, dans la commune du Golfe 2 \u00e0 Lom\u00e9. Quatre chefs d\u00b4accusation lui sont coll\u00e9s : Appel au peuple et \u00e0 l\u2019arm\u00e9e \u00e0 l\u2019insurrection, Diffusion de fausses nouvelles, Apologie du crime, Outrage \u00e0 l\u2019autorit\u00e9 publique. Jamais jug\u00e9, ni condamn\u00e9, il est ill\u00e9galement d\u00e9tenu, depuis bient\u00f4t quatre ans, au tristement c\u00e9l\u00e8bre SCRIC, pompeusement d\u00e9fini par (Service Central de Recherches et d\u00b4Investigations Criminelles). Des organisations de d\u00e9fense des droits de l\u00b4homme craignent qu\u00b4il y ait subi ou subit encore des traitements inhumains de la part de ses ge\u00f4liers. Qu\u00b4adviendra-t-il de lui ? Sera-t-il jug\u00e9 ? Sera-t-il lib\u00e9r\u00e9 ? La m\u00eame interrogation vaut \u00e9galement pour le cas Sokpo Honor\u00e9 Sitchop\u00e9 dit Affectio. Il est enlev\u00e9 lundi 12 janvier 2025. Juriste de formation, il fut rou\u00e9 de coups et emmen\u00e9 tout d\u00b4abord vers une destination inconnue. Le doyen des juges l\u2019a inculp\u00e9 pour atteinte \u00e0 la s\u00e9curit\u00e9 int\u00e9rieure. Il est accus\u00e9 pour ses publications sur sa page Facebook, notamment pour son dernier texte intitul\u00e9 \u00ab FAIS TA PART \u00bb. Il fut plac\u00e9, le 15 janvier sous mandat de d\u00e9p\u00f4t et d\u00e9pos\u00e9 \u00e0 la prison civile de Lom\u00e9.<\/p>\n<p>Lors des derni\u00e8res manifestations politiques de juin et juillet 2025 au moins 31 personnes furent arr\u00eat\u00e9es ; dont une femme et l\u00b4activiste Folly Satchivi. Ils ne sont ni jug\u00e9s, ni condamn\u00e9s et sont d\u00e9tenus \u00e0 la prison civile de Lom\u00e9. Et il fut d\u00e9montr\u00e9 \u00e0 plusieurs reprises les conditions ex\u00e9crables dans lesquelles vivent les d\u00e9tenus dans nos prisons au Togo et dans d\u00b4autres lieux de d\u00e9tention non conventionnels. Et c\u00b4est pour protester contre ces conditions inhumaines de d\u00e9tention, contre l\u00b4injustice dont lui et les autres sont victimes, attirer l\u00b4attention sur son \u00e9tat de sant\u00e9 largement d\u00e9grad\u00e9, que Aziz Goma a commenc\u00e9 une gr\u00e8ve de la faim, il y a aujourd\u00b4hui six (6) jours. L\u00b4annonce de nos coll\u00e8gues de \u00ab La D\u00e9p\u00eache \u00bb sur une possible lib\u00e9ration sous certaines conditions, des prisonniers politiques, n\u00b4est pas encore officiellement confirm\u00e9e. Sont-ce des rumeurs ou un tel projet louable est-il en discussion au sein du pouvoir de fait du Togo ? Vivement que les Togolais soient rapidement situ\u00e9s sur cette question cruciale. Il y va de la vie, de la dignit\u00e9 et de la libert\u00e9 des p\u00e8res et m\u00e8res de familles. Il y va d\u00b4\u00eatres humains tout court !<\/p>\n<p>Aux derni\u00e8res nouvelles, \u00e0 la suite d\u2019Aziz Goma, l\u2019artiste Fadel Prince, de son vrai nom Ouattara Abdoul-Fadel, a, \u00e0 son tour, annonc\u00e9 une gr\u00e8ve de la faim pour le mercredi 03 ao\u00fbt 2025. Il a \u00e9t\u00e9 arbitrairement arr\u00eat\u00e9 le 25 novembre 2019 et emprisonn\u00e9 dans l\u2019affaire dite de \u00ab Tigre R\u00e9volution \u00bb.<\/p>\n<p>Samari Tchadjobo<\/p>\n<p>Allemagne<\/p>\n<p>&nbsp;<\/p>\n<p>&nbsp;<\/p>\n","protected":false},"excerpt":{"rendered":"<p>Ce sont nos confr\u00e8res de l\u00b4hebdomadaire \u00ab La D\u00e9p\u00eache \u00bb, dans leur parution N\u00b0 1236 du 27 ao\u00fbt 2025, qui annoncent la nouvelle. \u00ab Le climat politique togolais pourrait conna\u00eetre un tournant d\u00e9cisif dans les jours \u00e0 venir. Le gouvernement a annonc\u00e9, ce vendredi, selon une source judiciaire une mesure d\u2019assouplissement visant \u00e0 lib\u00e9rer plusieurs &hellip;<\/p>\n","protected":false},"author":2,"featured_media":7541,"comment_status":"open","ping_status":"open","sticky":false,"template":"","format":"standard","meta":{"footnotes":""},"categories":[4],"tags":[446,13],"class_list":["post-7540","post","type-post","status-publish","format-standard","has-post-thumbnail","hentry","category-politique","tag-detenus-politiques","tag-togo"],"_links":{"self":[{"href":"https:\/\/libertetogo.tg\/index.php\/wp-json\/wp\/v2\/posts\/7540","targetHints":{"allow":["GET"]}}],"collection":[{"href":"https:\/\/libertetogo.tg\/index.php\/wp-json\/wp\/v2\/posts"}],"about":[{"href":"https:\/\/libertetogo.tg\/index.php\/wp-json\/wp\/v2\/types\/post"}],"author":[{"embeddable":true,"href":"https:\/\/libertetogo.tg\/index.php\/wp-json\/wp\/v2\/users\/2"}],"replies":[{"embeddable":true,"href":"https:\/\/libertetogo.tg\/index.php\/wp-json\/wp\/v2\/comments?post=7540"}],"version-history":[{"count":1,"href":"https:\/\/libertetogo.tg\/index.php\/wp-json\/wp\/v2\/posts\/7540\/revisions"}],"predecessor-version":[{"id":7542,"href":"https:\/\/libertetogo.tg\/index.php\/wp-json\/wp\/v2\/posts\/7540\/revisions\/7542"}],"wp:featuredmedia":[{"embeddable":true,"href":"https:\/\/libertetogo.tg\/index.php\/wp-json\/wp\/v2\/media\/7541"}],"wp:attachment":[{"href":"https:\/\/libertetogo.tg\/index.php\/wp-json\/wp\/v2\/media?parent=7540"}],"wp:term":[{"taxonomy":"category","embeddable":true,"href":"https:\/\/libertetogo.tg\/index.php\/wp-json\/wp\/v2\/categories?post=7540"},{"taxonomy":"post_tag","embeddable":true,"href":"https:\/\/libertetogo.tg\/index.php\/wp-json\/wp\/v2\/tags?post=7540"}],"curies":[{"name":"wp","href":"https:\/\/api.w.org\/{rel}","templated":true}]}}