{"id":6090,"date":"2023-01-23T15:14:21","date_gmt":"2023-01-23T15:14:21","guid":{"rendered":"https:\/\/libertetogo.info\/?p=6090"},"modified":"2023-01-23T15:14:21","modified_gmt":"2023-01-23T15:14:21","slug":"justice-ou-impunite-quelle-issue-a-larrestation-du-general-kadangha","status":"publish","type":"post","link":"https:\/\/libertetogo.tg\/index.php\/justice-ou-impunite-quelle-issue-a-larrestation-du-general-kadangha\/non-classe\/","title":{"rendered":"Justice ou impunit\u00e9 : Quelle issue \u00e0 l\u2019arrestation du G\u00e9n\u00e9ral Kadangha\u00a0?"},"content":{"rendered":"<p><strong><em>Le G\u00e9n\u00e9ral Abalo F\u00e9lix Kadangha est sous les verrous. L\u2019ancien Chef d\u2019Etat-Major G\u00e9n\u00e9ral des FAT a \u00e9t\u00e9 arr\u00eat\u00e9 et gard\u00e9 \u00e0 vue. Une situation in\u00e9dite. Mais la meilleure issue est celle d\u2019une justice qui constituera un d\u00e9but de la fin de l\u2019impunit\u00e9. Ce serait bien dommage si la situation actuelle ne contribue qu\u2019\u00e0 un r\u00e8glement de comptes.<\/em><\/strong><\/p>\n<p>L\u2019information s\u2019est r\u00e9pandue comme une train\u00e9e de poudre. En fin de semaine derni\u00e8re, on apprend l\u2019arrestation de l\u2019ancien Chef d\u2019Etat-Major G\u00e9n\u00e9ral des Forces Arm\u00e9es Togolaises, le G\u00e9n\u00e9ral Abalo F\u00e9lix Kadanga. Il serait en garde \u00e0 vue, pour les besoins de l\u2019enqu\u00eate, comme on a l\u2019habitude de le dire. C\u2019est tout ce que l\u2019on sait. Jusqu\u2019\u00e0 pr\u00e9sent, il y a un silence de cimeti\u00e8re qui entoure les conditions de cette arrestation du G\u00e9n\u00e9ral. Il en est de m\u00eame des raisons. Ce qui donne libre cours \u00e0 des interrogations. Beaucoup se demandent si l\u2019ancien chef d\u2019Etat-Major a tent\u00e9 de descendre Faure Gnassingb\u00e9 de son fauteuil pr\u00e9sidentiel.<\/p>\n<p>Au-del\u00e0 des questionnements que suscitent cette arrestation, la principale le\u00e7on \u00e0 tirer par ceux qui font du z\u00e8le aujourd\u2019hui est que tout peut arriver \u00e0 tout le monde, \u00e0 tout moment. C\u2019est la loi non seulement de la nature, mais aussi de tout r\u00e9gime militaire \u00e0 facette civile. Depuis la nuit des temps, il en a toujours \u00e9t\u00e9 ainsi.<\/p>\n<p>Cette descente aux enfers a commenc\u00e9 depuis quelques ann\u00e9es. Le 06 d\u00e9cembre 2020, \u00e0 la surprise g\u00e9n\u00e9rale de tous, on annonce la fin de r\u00e8gne du Chef d\u2019Etat-Major G\u00e9n\u00e9ral des FAT. Il est d\u00e9mis de ses fonctions et remplac\u00e9 par Dadja Manganaw\u00e9, promu G\u00e9n\u00e9ral de Brigade. A partir de cet instant, l\u2019homme fort de l\u2019arm\u00e9e togolaise a \u00e9t\u00e9 affaibli. Des sources le disaient en r\u00e9sidence surveill\u00e9e jusqu\u2019au mois de mars 2021 quand il est port\u00e9 \u00e0 la t\u00eate de la Commission nationale de lutte contre la prolif\u00e9ration, la circulation et le trafic illicites des armes l\u00e9g\u00e8res et de petit calibre (CNLPAL). A ce poste, le G\u00e9n\u00e9ral aura r\u00e9ussi \u00e0 reprendre des centaines d\u2019armes au sein de la population et qui ont \u00e9t\u00e9 ensuite d\u00e9truites. Une prouesse qui laisse interrogateur.<\/p>\n<p>Un passage des armes lourdes et de guerre aux armes l\u00e9g\u00e8res, c\u2019\u00e9tait une v\u00e9ritable humiliation. Malgr\u00e9 les commentaires \u00e9logieux faits \u00e0 son endroit par certains m\u00e9dias, la situation a confirm\u00e9 les informations selon lesquelles les relations entre l\u2019ex-Chef d\u2019Etat-Major et le pr\u00e9sident de la R\u00e9publique sont tr\u00e8s froides. Leur collaboration aurait pris un coup suite \u00e0 de multiples d\u00e9saccords sur certains sujets qui constituent une ar\u00eate dans la gorge du chef.<\/p>\n<p><strong>L\u2019homme de \u00ab\u00a0PAIY\u00a0\u00bb<\/strong><\/p>\n<p>Abalo F\u00e9lix Kadanga n\u2019est pas un enfant de c\u0153ur. Il est connu comme celui-l\u00e0 qui a orchestr\u00e9 ou conduit l\u2019arrestation de Kpatcha Gnassingb\u00e9 suite \u00e0 la \u00ab\u00a0fusillade de P\u00e2ques\u00a0\u00bb en avril 2009. Dans la nuit du 12 avril de cette ann\u00e9e-l\u00e0, il \u00e9tait \u00e0 la t\u00eate des militaires de la Force d\u2019intervention rapide (FIR) dont il \u00e9tait le Commandant. Son z\u00e8le dans le dossier de l\u2019atteinte \u00e0 la suret\u00e9 de l\u2019Etat lui a sans doute valu l\u2019ascension non seulement dans le c\u0153ur de Faure Gnassingb\u00e9, mais aussi dans la hi\u00e9rarchie militaire.<\/p>\n<p>Le G\u00e9n\u00e9ral Kadanga, c\u2019est aussi de forts soup\u00e7ons de crimes. En d\u00e9cembre 2018 par exemple, l\u2019homme a \u00e9t\u00e9 aper\u00e7u dans une vid\u00e9o qui a \u00e9t\u00e9 film\u00e9 par un journaliste sur un th\u00e9\u00e2tre de manifestation. Ce jour-l\u00e0, un enfant de 12 ans, apprenti m\u00e9canicien du nom de Moufidou Idrissou a \u00e9t\u00e9 vis\u00e9 et tu\u00e9 par balle. Alors que ceux qui voulaient d\u00e9fendre le G\u00e9n\u00e9ral le disaient hors du pays dans le cadre d\u2019une mission des Casques bleus de l\u2019Onu, l\u2019information est d\u00e9mentie par le ministre de la S\u00e9curit\u00e9 et de la protection civile. Intervenant dans le journal de 20 heures sur la t\u00e9l\u00e9vision nationale, le ministre de la S\u00e9curit\u00e9 a confirm\u00e9 la pr\u00e9sence du chef d\u2019Etat-Major sur le lieu du crime. A partir de cet instant, les Togolais ont tir\u00e9 leur conclusion quant \u00e0 l\u2019auteur du crime.<\/p>\n<p>En tant que chef d\u2019Etat-Major g\u00e9n\u00e9ral de 2013 \u00e0 2020, le G\u00e9n\u00e9ral Kadanga est aussi responsable moral pour les bavures et crimes commis par les militaires durant cette p\u00e9riode. Apr\u00e8s son arrestation, on est en droit de se demander s\u2019il va r\u00e9pondre de tous les crimes dont on le soup\u00e7onne ou s\u2019il va b\u00e9n\u00e9ficier, comme la tradition dictatoriale l\u2019exige, de l\u2019impunit\u00e9. Et pour cause, dans les conditions actuelles, avec un flou absolu sur les raisons de cette arrestation, les supputations ont le vent en poupe. S\u2019agit-il d\u2019un r\u00e8glement de compte ou d\u2019une v\u00e9ritable proc\u00e9dure judiciaire\u00a0? Le meilleur aboutissement de cette affaire serait celui d\u2019une justice v\u00e9ritable. Une proc\u00e9dure dans laquelle les droits de la personne interpell\u00e9e seront respect\u00e9s ainsi que ceux de ses pr\u00e9sum\u00e9es victimes. La justice doit faire la lumi\u00e8re sur sa responsabilit\u00e9 dans l\u2019assassinat du jeune Moufidou Idrissou ainsi que dans les autres crimes et bavures commis par l\u2019arm\u00e9e sous ses ordres. Si tel n\u2019est pas le cas,\u00a0ceux qui se r\u00e9jouissent aujourd\u2019hui de l\u2019arrestation du G\u00e9n\u00e9ral Kadanga le font en vain.<\/p>\n<p><strong><em>G.A.<\/em><\/strong><\/p>\n","protected":false},"excerpt":{"rendered":"<p>Le G\u00e9n\u00e9ral Abalo F\u00e9lix Kadangha est sous les verrous. L\u2019ancien Chef d\u2019Etat-Major G\u00e9n\u00e9ral des FAT a \u00e9t\u00e9 arr\u00eat\u00e9 et gard\u00e9 \u00e0 vue. Une situation in\u00e9dite. Mais la meilleure issue est celle d\u2019une justice qui constituera un d\u00e9but de la fin de l\u2019impunit\u00e9. Ce serait bien dommage si la situation actuelle ne contribue qu\u2019\u00e0 un r\u00e8glement &hellip;<\/p>\n","protected":false},"author":2,"featured_media":6091,"comment_status":"open","ping_status":"open","sticky":false,"template":"","format":"standard","meta":{"footnotes":""},"categories":[],"tags":[],"class_list":["post-6090","post","type-post","status-publish","format-standard","has-post-thumbnail","hentry"],"_links":{"self":[{"href":"https:\/\/libertetogo.tg\/index.php\/wp-json\/wp\/v2\/posts\/6090","targetHints":{"allow":["GET"]}}],"collection":[{"href":"https:\/\/libertetogo.tg\/index.php\/wp-json\/wp\/v2\/posts"}],"about":[{"href":"https:\/\/libertetogo.tg\/index.php\/wp-json\/wp\/v2\/types\/post"}],"author":[{"embeddable":true,"href":"https:\/\/libertetogo.tg\/index.php\/wp-json\/wp\/v2\/users\/2"}],"replies":[{"embeddable":true,"href":"https:\/\/libertetogo.tg\/index.php\/wp-json\/wp\/v2\/comments?post=6090"}],"version-history":[{"count":1,"href":"https:\/\/libertetogo.tg\/index.php\/wp-json\/wp\/v2\/posts\/6090\/revisions"}],"predecessor-version":[{"id":6092,"href":"https:\/\/libertetogo.tg\/index.php\/wp-json\/wp\/v2\/posts\/6090\/revisions\/6092"}],"wp:featuredmedia":[{"embeddable":true,"href":"https:\/\/libertetogo.tg\/index.php\/wp-json\/wp\/v2\/media\/6091"}],"wp:attachment":[{"href":"https:\/\/libertetogo.tg\/index.php\/wp-json\/wp\/v2\/media?parent=6090"}],"wp:term":[{"taxonomy":"category","embeddable":true,"href":"https:\/\/libertetogo.tg\/index.php\/wp-json\/wp\/v2\/categories?post=6090"},{"taxonomy":"post_tag","embeddable":true,"href":"https:\/\/libertetogo.tg\/index.php\/wp-json\/wp\/v2\/tags?post=6090"}],"curies":[{"name":"wp","href":"https:\/\/api.w.org\/{rel}","templated":true}]}}