{"id":5208,"date":"2022-07-17T20:31:21","date_gmt":"2022-07-17T20:31:21","guid":{"rendered":"https:\/\/libertetogo.info\/?p=5208"},"modified":"2022-07-17T20:31:21","modified_gmt":"2022-07-17T20:31:21","slug":"ecoles-publiques-fermees-pour-travaux-cent-jours-maximum-auraient-pourtant-suffi","status":"publish","type":"post","link":"https:\/\/libertetogo.tg\/index.php\/ecoles-publiques-fermees-pour-travaux-cent-jours-maximum-auraient-pourtant-suffi\/non-classe\/","title":{"rendered":"Ecoles publiques ferm\u00e9es pour travaux : Cent jours maximum auraient pourtant suffi\u00a0!"},"content":{"rendered":"<p><strong><em>Toute une ann\u00e9e scolaire pour des travaux de lutte contre les inondations dans trois \u00e9tablissements scolaires de Lom\u00e9. L\u2019information a \u00e9t\u00e9 donn\u00e9e ce 7 juin dans un arr\u00eat\u00e9 du ministre en charge des enseignements. Les \u00e9l\u00e8ves sont r\u00e9affect\u00e9s dans des \u00e9coles d\u00e9j\u00e0 en difficult\u00e9s. Pourtant, ces travaux pouvaient se faire durant la p\u00e9riode des vacances, avec la volont\u00e9 politique et le souci de ne pas perturber la rentr\u00e9e scolaire prochaine.<\/em><\/strong><\/p>\n<p>\u00ab\u00a0<em>En raison des inondations r\u00e9currentes que connaissent certains quartiers de la ville de Lom\u00e9 suite aux pluies diluviennes, le coll\u00e8ge d\u2019enseignement g\u00e9n\u00e9ral (CEG) Ny\u00e9konakpo\u00e8 dans le canton de Ny\u00e9konakpo\u00e8 (pr\u00e9fecture du Golfe) est ferm\u00e9 \u00e0 partir de la rentr\u00e9e scolaires 2022-2023 et ce jusqu\u2019\u00e0 nouvel ordre. Les \u00e9l\u00e8ves inscrits au coll\u00e8ge d\u2019enseignement g\u00e9n\u00e9ral (CEG) Ny\u00e9konakpo\u00e8 sont r\u00e9affect\u00e9s \u00e0 la rentr\u00e9e 2022-2023, dans les \u00e9tablissements scolaires suivants\u00a0: Lyc\u00e9e Ny\u00e9konakpo\u00e8, CEG des Etoiles et Lyc\u00e9e Tokoin Solidarit\u00e9<\/em>\u00a0\u00bb. Extrait de l\u2019arr\u00eat\u00e9 N\u00b0360\/2022\/MEPSTA\/CAB\/SG\/DPSSE portant fermeture provisoire du coll\u00e8ge d\u2019enseignement g\u00e9n\u00e9ral (CEG) Ny\u00e9konakpo\u00e8 dans la r\u00e9gion Grand Lom\u00e9. Il est sign\u00e9 du ministre des enseignements primaire, secondaire, technique et de l\u2019artisanat, Komla Kodzi Kokoroko.<\/p>\n<p>Deux autres arr\u00eat\u00e9s ont \u00e9t\u00e9 pris dans le m\u00eame sillage dans la journ\u00e9e du 7 juin 2022. Ils concernent le jardin d\u2019enfant public (JEP) Totsi dont les enfants sont r\u00e9affect\u00e9s aux JEP Batom\u00e9, Gakli et Sovi\u00e9p\u00e9\u00a0; et l\u2019\u00e9cole primaire publique (EPP) Totsi dont les \u00e9l\u00e8ves sont renvoy\u00e9s dans les EPP Batom\u00e9 groupes A et B, Agbalep\u00e9dogan groupes A et B, et Sovi\u00e9p\u00e9 groupes A, B et C.<\/p>\n<p>Ainsi donc, les \u00e9coles dont la fermeture est annonc\u00e9e n\u2019accueilleront pas d\u2019apprenants pour l\u2019ann\u00e9e scolaire 2022-2023. Sans toutefois le pr\u00e9ciser, on comprend \u00e0 la lecture des arr\u00eat\u00e9s que la fermeture est bien s\u00fbr provisoire, mais surtout que des travaux vont \u00eatre effectu\u00e9s dans ces \u00e9coles, pour \u00e9viter aux \u00e9l\u00e8ves d\u2019avoir les pieds dans l\u2019eau apr\u00e8s chaque pluie. Il est de notori\u00e9t\u00e9 publique que les \u00e9coles en question et bien d\u2019autres sont r\u00e9guli\u00e8rement envahies par les eaux chaque fois que le ciel donne de la pluie. C\u2019est donc une bonne nouvelle que le gouvernement ait enfin pris la d\u00e9cision de sortir ces \u00e9coles de la position d\u2019amphibie. Ce n\u2019est pas trop t\u00f4t\u00a0!<\/p>\n<p>Par contre, ce qui n\u2019a pas \u00e9t\u00e9 dit, c\u2019est la dur\u00e9e de la fermeture provisoire. Le ministre a simplement \u00e9voqu\u00e9 l\u2019ann\u00e9e scolaire 2022-2023 et parl\u00e9 de \u00ab\u00a0jusqu\u2019\u00e0 nouvel ordre\u00a0\u00bb. Et cela doit faire r\u00e9fl\u00e9chir. Dans une situation normale dans un pays normal, davantage de communication devrait \u00eatre faite sur la dur\u00e9e des travaux et le moment de la reprise des cours dans ces \u00e9tablissements scolaires. Malheureusement, de la fa\u00e7on dont la chose est pr\u00e9sent\u00e9e par le ministre et pr\u00e9sident de l\u2019Universit\u00e9 de Lom\u00e9, il faut attendre jusqu\u2019\u00e0 nouvel ordre. Peut-\u00eatre ind\u00e9finiment. Ce qui donne l\u2019impression que la d\u00e9cision n\u2019a pas \u00e9t\u00e9 murement r\u00e9fl\u00e9chie, bien ficel\u00e9e pour que des d\u00e9tails soient donn\u00e9s. Il faut encore attendre.<\/p>\n<p>Et relativement \u00e0 la dur\u00e9e m\u00eame des travaux, il y a mati\u00e8re \u00e0 pol\u00e9mique. Pourquoi prendre toute une ann\u00e9e scolaire pour les travaux\u00a0? Si les moyens sont disponibles et les meilleurs entreprises recrut\u00e9es, des travaux de ce genre ne devraient pas exc\u00e9der la p\u00e9riode des vacances. Ce qui devrait permettre aux \u00e9l\u00e8ves de retrouver leurs \u00e9tablissements \u00e0 la prochaine rentr\u00e9e scolaire. Mais tel que cela transparait dans les arr\u00eat\u00e9s, les travaux vont durer au moins 9 mois. Une ann\u00e9e scolaire enti\u00e8re et donc une \u00e9ternit\u00e9 quand on imagine les difficult\u00e9s que la fermeture des \u00e9coles engendre, sans oublier celles d\u00e9j\u00e0 existantes.<\/p>\n<p>C\u2019est un secret de Polichinelle que l\u2019une des difficult\u00e9s de l\u2019enseignement au Togo est le manque criard d\u2019infrastructures d\u2019accueil. M\u00eame le tireur de missiles depuis le fleuve Oti en a connaissance. Les \u00e9coles priv\u00e9es absorbent chaque ann\u00e9e la plus grande partie des effectifs des \u00e9coliers, mais les \u00e9coles publiques sont toujours bond\u00e9es. Un ph\u00e9nom\u00e8ne accentu\u00e9 par les fameuses mesures de gratuit\u00e9 des frais de scolarit\u00e9 \u2013 une gratuit\u00e9 partielle puisque les parents paient encore des frais parall\u00e8les \u2013 dans le primaire et le secondaire. Par cons\u00e9quent, ce n\u2019est pas une surprise de voir les \u00e9l\u00e8ves, m\u00eame ceux du secondaire, s\u2019asseoir \u00e0 trois par banc pour des salles de classes dont les effectifs atteignent facilement 130 voire plus. Telle est la situation actuelle dans les \u00e9coles dans lesquelles les \u00e9l\u00e8ves sont r\u00e9affect\u00e9s.<\/p>\n<p>En d\u2019autres termes, la fermeture annonc\u00e9e ne fait que rajouter aux difficult\u00e9s des enseignants, mais aussi des \u00e9l\u00e8ves d\u00e9j\u00e0 contraints de s\u2019agglutiner dans les classes tels les bagnards de la prison civile de Lom\u00e9. Il faut trouver les moyens d\u2019accueillir, pour chaque \u00e9tablissement, un demi-millier d\u2019\u00e9l\u00e8ves. Ceci dans un contexte de surpopulation dans les \u00e9coles. Pendant toute la dur\u00e9e de la fermeture, les \u00e9coles d\u2019accueil doivent s\u2019inventer de nouvelles techniques pour entasser les \u00e9l\u00e8ves. Peut-\u00eatre vont-ils atteindre 200 apprenants par classe si certains ne sont pas scolaris\u00e9s sous les arbres ou les paillotes. De toutes les fa\u00e7ons, le \u00ab\u00a0g\u00e9nie\u00a0\u00bb du ministre-pr\u00e9sident va agir. Il a quand m\u00eame eu l\u2019\u00ab\u00a0ing\u00e9nieuse\u00a0\u00bb id\u00e9e d\u2019\u00e9riger des passerelles au campus comme si une autoroute y passait. Ainsi va le Togo de la gestion approximative.<\/p>\n<p><strong><em>G.A.<\/em><\/strong><\/p>\n","protected":false},"excerpt":{"rendered":"<p>Toute une ann\u00e9e scolaire pour des travaux de lutte contre les inondations dans trois \u00e9tablissements scolaires de Lom\u00e9. L\u2019information a \u00e9t\u00e9 donn\u00e9e ce 7 juin dans un arr\u00eat\u00e9 du ministre en charge des enseignements. Les \u00e9l\u00e8ves sont r\u00e9affect\u00e9s dans des \u00e9coles d\u00e9j\u00e0 en difficult\u00e9s. Pourtant, ces travaux pouvaient se faire durant la p\u00e9riode des vacances, &hellip;<\/p>\n","protected":false},"author":4,"featured_media":5209,"comment_status":"open","ping_status":"open","sticky":false,"template":"","format":"standard","meta":{"footnotes":""},"categories":[],"tags":[],"class_list":["post-5208","post","type-post","status-publish","format-standard","has-post-thumbnail","hentry"],"_links":{"self":[{"href":"https:\/\/libertetogo.tg\/index.php\/wp-json\/wp\/v2\/posts\/5208","targetHints":{"allow":["GET"]}}],"collection":[{"href":"https:\/\/libertetogo.tg\/index.php\/wp-json\/wp\/v2\/posts"}],"about":[{"href":"https:\/\/libertetogo.tg\/index.php\/wp-json\/wp\/v2\/types\/post"}],"author":[{"embeddable":true,"href":"https:\/\/libertetogo.tg\/index.php\/wp-json\/wp\/v2\/users\/4"}],"replies":[{"embeddable":true,"href":"https:\/\/libertetogo.tg\/index.php\/wp-json\/wp\/v2\/comments?post=5208"}],"version-history":[{"count":1,"href":"https:\/\/libertetogo.tg\/index.php\/wp-json\/wp\/v2\/posts\/5208\/revisions"}],"predecessor-version":[{"id":5210,"href":"https:\/\/libertetogo.tg\/index.php\/wp-json\/wp\/v2\/posts\/5208\/revisions\/5210"}],"wp:featuredmedia":[{"embeddable":true,"href":"https:\/\/libertetogo.tg\/index.php\/wp-json\/wp\/v2\/media\/5209"}],"wp:attachment":[{"href":"https:\/\/libertetogo.tg\/index.php\/wp-json\/wp\/v2\/media?parent=5208"}],"wp:term":[{"taxonomy":"category","embeddable":true,"href":"https:\/\/libertetogo.tg\/index.php\/wp-json\/wp\/v2\/categories?post=5208"},{"taxonomy":"post_tag","embeddable":true,"href":"https:\/\/libertetogo.tg\/index.php\/wp-json\/wp\/v2\/tags?post=5208"}],"curies":[{"name":"wp","href":"https:\/\/api.w.org\/{rel}","templated":true}]}}