{"id":3730,"date":"2021-04-24T08:02:20","date_gmt":"2021-04-24T08:02:20","guid":{"rendered":"http:\/\/localhost\/libertetogo\/?p=3730"},"modified":"2021-04-23T16:05:49","modified_gmt":"2021-04-23T16:05:49","slug":"dangereux-de-se-mettre-a-dos-la-france","status":"publish","type":"post","link":"https:\/\/libertetogo.tg\/index.php\/dangereux-de-se-mettre-a-dos-la-france\/edito\/","title":{"rendered":"Dangereux de se mettre \u00e0 dos la France\u00a0!"},"content":{"rendered":"<p><strong>\u00ab\u00a0<em>Tant la cruche va \u00e0 l\u2019eau qu\u2019\u00e0 la fin elle se casse<\/em>\u00a0\u00bb (Proverbe)<\/strong><\/p>\n<p>Le Mar\u00e9chal Idriss Deby est mort. Dans une interview accord\u00e9e dans son palais \u00e0 RFI et TV5 Monde notamment en 2016, Idriss D\u00e9by affirmait qu\u2019il avait donn\u00e9 sa parole de militaire de quitter le pouvoir en 2006 et accusa la France de lui avoir forc\u00e9 la main pour rester au pouvoir en changeant la constitution tchadienne contre son gr\u00e9. \u00ab\u00a0En 2006, j\u2019aurais souhait\u00e9 m\u2019arr\u00eater apr\u00e8s mon second mandat, j\u2019aurai alors c\u00e9d\u00e9 le pouvoir, mais la guerre a \u00e9clat\u00e9, des mercenaires ont attaqu\u00e9 Ndjamena. Et alors que je ne voulais pas, la France est intervenue pour changer la constitution\u00a0\u00bb, avait-il os\u00e9.<\/p>\n<p>Lorsque 98 soldats tchadiens \u00e9taient tomb\u00e9s sur le champ de bataille, feu Idriss Deby n\u2019avait pas h\u00e9sit\u00e9 \u00e0 se rendre au front pour piloter personnellement les op\u00e9rations contre les rebelles. L\u2019histoire retiendra qu\u2019en ce moment, il b\u00e9n\u00e9ficiait du soutien ind\u00e9fectible de l\u2019arm\u00e9e fran\u00e7aise.<\/p>\n<p>Mais lundi 19 avril 2021, le Mar\u00e9chal est tomb\u00e9 sous le feu de l\u2019ennemi. Bless\u00e9, il succombera \u00e0 ses blessures. Stup\u00e9faction pour certains, fin pr\u00e9visible pour d\u2019autres.<\/p>\n<p>Jean Luc M\u00e9lenchon, d\u00e9put\u00e9 fran\u00e7ais \u00e9crivait quelques heures plus t\u00f4t\u00a0: \u00ab\u00a0Le dictateur pr\u00e9f\u00e9r\u00e9 de Macron, face \u00e0 une rude r\u00e9bellion. Pens\u00e9es pour le peuple tchadien, aux heures difficiles. Pas d\u2019intervention militaire fran\u00e7aise pour sauver le Mar\u00e9chal Deby\u00a0\u00bb. Savait-il effectivement que son pays ne l\u00e8verait pas le petit doigt\u00a0?<\/p>\n<p>A maintes reprises, la France est intervenue pour sauver le soldat Deby. En 2008, des troupes sp\u00e9ciales fran\u00e7aises s\u2019\u00e9taient engag\u00e9es dans les combats contre l\u2019offensive de trois forces rebelles, tandis que la France soutenait en munitions et en renseignement le r\u00e9gime tchadien. En 2019, la France vole \u00e0 nouveau au secours d\u2019Idriss D\u00e9by. Les avions de chasse fran\u00e7ais, les Mirage 2000 bas\u00e9s \u00e0 N\u2019Djamena avait bombard\u00e9 une colonne rebelle de l\u2019Union des forces de r\u00e9sistance (UFR) venue du sud de la Libye, et que l\u2019arm\u00e9e tchadienne ne semblait pas en mesure de pouvoir stopper. Que s\u2019est-il pass\u00e9 cette fois pour que la France l\u00e2che lamentablement son incontournable alli\u00e9 dans le Sahel\u00a0?<\/p>\n<p>La marche des rebelles fut l\u2019occasion r\u00eav\u00e9e pour le colon de frapper le dictateur par l\u2019inaction de l\u2019arm\u00e9e fran\u00e7aise, et pour Idriss Deby de montrer de quoi il peut \u00eatre capable sans l\u2019intervention et la surveillance depuis le ciel du territoire tchadien. La suite a montr\u00e9 que le chanteur Ouyi Tassane avait raison\u00a0quand il disait qu\u2019\u00ab\u00a0un chef qui n\u2019a plus au tr\u00f4ne qu\u2019un rocher, et pour royaume qu\u2019un coin dans le maquis, combien de temps restera-t-il cach\u00e9\u00a0?\u00a0\u00bb Le Mar\u00e9chal s\u2019est r\u00e9v\u00e9l\u00e9 un colosse aux pieds d\u2019argile.<\/p>\n<p>Est-ce un coup d\u2019Etat, un assassinat, un meurtre ou un combat \u00e0 armes \u00e9gales qui a fait tomber Idriss Deby\u00a0? On retiendra seulement que la stup\u00e9faction ne signifie toujours pas indignation ou r\u00e9probation de la part des peuples africains. Les rebelles r\u00e9clament la mise en place d\u2019un gouvernement civil. Signe que ceux qui ont fait descendre le colosse de son pi\u00e9destal aspirent \u00e0 un Tchad d\u00e9mocratique et non plus autocratique ou dirig\u00e9 de p\u00e8re en fils. Comme ailleurs dans des satrapies qui n\u2019ont de cesse de verser la face du continent par terre.<\/p>\n<p>Cet \u00e9pisode tchadien renforce l\u2019id\u00e9e selon laquelle avec la France, rien ne va chez les peuples africains, mais sans la France, tout est d\u00e9peupl\u00e9 pour les dictateurs\u00a0! Et&#8230;le cumul de mandats peut parfois donner lieu \u00e0 une indigestion. R\u00e9\u00e9lu pour un 6\u00e8me mandat, Idriss Deby n\u2019a m\u00eame pas encore pr\u00eat\u00e9 serment avant de voir son fauteuil le quitter. Brutalement et violemment.<\/p>\n<p><strong><em>Godson KETOMAGNAN \u00a0<\/em><\/strong><\/p>\n","protected":false},"excerpt":{"rendered":"<p>\u00ab\u00a0Tant la cruche va \u00e0 l\u2019eau qu\u2019\u00e0 la fin elle se casse\u00a0\u00bb (Proverbe) Le Mar\u00e9chal Idriss Deby est mort. Dans une interview accord\u00e9e dans son palais \u00e0 RFI et TV5 Monde notamment en 2016, Idriss D\u00e9by affirmait qu\u2019il avait donn\u00e9 sa parole de militaire de quitter le pouvoir en 2006 et accusa la France de &hellip;<\/p>\n","protected":false},"author":2,"featured_media":3731,"comment_status":"open","ping_status":"open","sticky":false,"template":"","format":"standard","meta":{"footnotes":""},"categories":[215,3],"tags":[531,533,534],"class_list":["post-3730","post","type-post","status-publish","format-standard","has-post-thumbnail","hentry","category-actualites","category-edito","tag-france","tag-idriss-deby","tag-tchad"],"_links":{"self":[{"href":"https:\/\/libertetogo.tg\/index.php\/wp-json\/wp\/v2\/posts\/3730","targetHints":{"allow":["GET"]}}],"collection":[{"href":"https:\/\/libertetogo.tg\/index.php\/wp-json\/wp\/v2\/posts"}],"about":[{"href":"https:\/\/libertetogo.tg\/index.php\/wp-json\/wp\/v2\/types\/post"}],"author":[{"embeddable":true,"href":"https:\/\/libertetogo.tg\/index.php\/wp-json\/wp\/v2\/users\/2"}],"replies":[{"embeddable":true,"href":"https:\/\/libertetogo.tg\/index.php\/wp-json\/wp\/v2\/comments?post=3730"}],"version-history":[{"count":1,"href":"https:\/\/libertetogo.tg\/index.php\/wp-json\/wp\/v2\/posts\/3730\/revisions"}],"predecessor-version":[{"id":3732,"href":"https:\/\/libertetogo.tg\/index.php\/wp-json\/wp\/v2\/posts\/3730\/revisions\/3732"}],"wp:featuredmedia":[{"embeddable":true,"href":"https:\/\/libertetogo.tg\/index.php\/wp-json\/wp\/v2\/media\/3731"}],"wp:attachment":[{"href":"https:\/\/libertetogo.tg\/index.php\/wp-json\/wp\/v2\/media?parent=3730"}],"wp:term":[{"taxonomy":"category","embeddable":true,"href":"https:\/\/libertetogo.tg\/index.php\/wp-json\/wp\/v2\/categories?post=3730"},{"taxonomy":"post_tag","embeddable":true,"href":"https:\/\/libertetogo.tg\/index.php\/wp-json\/wp\/v2\/tags?post=3730"}],"curies":[{"name":"wp","href":"https:\/\/api.w.org\/{rel}","templated":true}]}}