{"id":3656,"date":"2021-04-16T14:18:23","date_gmt":"2021-04-16T14:18:23","guid":{"rendered":"http:\/\/localhost\/libertetogo\/?p=3656"},"modified":"2021-04-16T14:18:23","modified_gmt":"2021-04-16T14:18:23","slug":"un-prince-sans-masque-a-paris","status":"publish","type":"post","link":"https:\/\/libertetogo.tg\/index.php\/un-prince-sans-masque-a-paris\/libertinage\/","title":{"rendered":"Un prince sans masque \u00e0 Paris"},"content":{"rendered":"<p>Le jeune doyen a visiblement un probl\u00e8me avec le masque. La pand\u00e9mie, on le sait, fait toujours rage. M\u00eame si ce n\u2019est pas l\u2019h\u00e9catombe au Togo par rapport \u00e0 ce que d\u2019autres pays vivent, au 228, les gouvernants m\u00fbrissent m\u00eame l\u2019id\u00e9e d\u2019imposer la vaccination \u00e0 tout le pays. Chez nos anciens colons les Gaulois, la situation est encore plus dramatique. Au point que des restrictions sont impos\u00e9es dans le pays.<\/p>\n<p>Mais curieusement, c\u2019est sans masque que le jeune doyen s\u2019est pr\u00e9sent\u00e9 \u00e0 l\u2019Elys\u00e9e \u00e0 l\u2019heure o\u00f9 des mesures barri\u00e8res sont de mise dans tous les pays. Insouciance, n\u00e9gligence, l\u00e9g\u00e8ret\u00e9, d\u00e9ni\u00a0? Difficile d\u2019expliquer l\u2019attitude du jeune doyen. C\u2019est d\u2019autant plus \u00e9tonnant que son h\u00f4te, Emmanuel Macron, lui, \u00e9tait \u00ab\u00a0faure\u00a0\u00bb bien prot\u00e9g\u00e9 avec le visage barr\u00e9 de masque noir. Idem pour les gardes de l\u2019Elys\u00e9e.<\/p>\n<p>Macron et les Fran\u00e7ais devraient se sentir fort embarrass\u00e9s qu\u2019un Prince noir d\u00e9barque \u00e0 Paris sans aucun respect des prescriptions dans le cadre de la lutte contre le Covid-19, surtout que leur pays paie un lourd tribut \u00e0 la maladie. Avec 5 millions de cas enregistr\u00e9s dont 98602 d\u00e9c\u00e8s, la France fait partie des pays les plus touch\u00e9s par la pand\u00e9mie. Depuis le d\u00e9but du mois, des mesures en vigueur dans le pays sont renforc\u00e9es et ceci pour une dur\u00e9e de quatre semaines. Des peines pour non-respect des mesures \u00e9dit\u00e9es vont d\u2019une amende de 135 euros jusqu\u2019\u00e0 3750 euros en cas de r\u00e9cidive. C\u2019est dire combien les Fran\u00e7ais sont pointilleux et rigoureux dans lutte contre le Covid.<\/p>\n<p>Certains pensent qu\u2019en se pr\u00e9sentant \u00e0 l\u2019Elys\u00e9e sans masque, le jeune doyen expose le 228 aux yeux du monde comme un pays enti\u00e8rement \u00e0 part et hors-la-loi. Il faut dire qu\u2019avant-avant, au d\u00e9but de la pand\u00e9mie, il \u00e9tait loisible de le voir conf\u00e9rer avec diverses personnalit\u00e9s sans se g\u00eaner de porter de masque. Cette attitude n\u00e9gligente du premier responsable du Togo qui devrait servir de mod\u00e8le \u00e0 ses compatriotes avait beaucoup fait jaser. Ce qui l\u2019avait oblig\u00e9 \u00e0 se plier aux r\u00e8gles. Mais les mauvaises habitudes ont la vie dure\u2026<\/p>\n","protected":false},"excerpt":{"rendered":"<p>Le jeune doyen a visiblement un probl\u00e8me avec le masque. La pand\u00e9mie, on le sait, fait toujours rage. M\u00eame si ce n\u2019est pas l\u2019h\u00e9catombe au Togo par rapport \u00e0 ce que d\u2019autres pays vivent, au 228, les gouvernants m\u00fbrissent m\u00eame l\u2019id\u00e9e d\u2019imposer la vaccination \u00e0 tout le pays. Chez nos anciens colons les Gaulois, la &hellip;<\/p>\n","protected":false},"author":2,"featured_media":3648,"comment_status":"open","ping_status":"open","sticky":false,"template":"","format":"standard","meta":{"footnotes":""},"categories":[215,24],"tags":[27,531,13],"class_list":["post-3656","post","type-post","status-publish","format-standard","has-post-thumbnail","hentry","category-actualites","category-libertinage","tag-faure-gnassingbe","tag-france","tag-togo"],"_links":{"self":[{"href":"https:\/\/libertetogo.tg\/index.php\/wp-json\/wp\/v2\/posts\/3656","targetHints":{"allow":["GET"]}}],"collection":[{"href":"https:\/\/libertetogo.tg\/index.php\/wp-json\/wp\/v2\/posts"}],"about":[{"href":"https:\/\/libertetogo.tg\/index.php\/wp-json\/wp\/v2\/types\/post"}],"author":[{"embeddable":true,"href":"https:\/\/libertetogo.tg\/index.php\/wp-json\/wp\/v2\/users\/2"}],"replies":[{"embeddable":true,"href":"https:\/\/libertetogo.tg\/index.php\/wp-json\/wp\/v2\/comments?post=3656"}],"version-history":[{"count":1,"href":"https:\/\/libertetogo.tg\/index.php\/wp-json\/wp\/v2\/posts\/3656\/revisions"}],"predecessor-version":[{"id":3657,"href":"https:\/\/libertetogo.tg\/index.php\/wp-json\/wp\/v2\/posts\/3656\/revisions\/3657"}],"wp:featuredmedia":[{"embeddable":true,"href":"https:\/\/libertetogo.tg\/index.php\/wp-json\/wp\/v2\/media\/3648"}],"wp:attachment":[{"href":"https:\/\/libertetogo.tg\/index.php\/wp-json\/wp\/v2\/media?parent=3656"}],"wp:term":[{"taxonomy":"category","embeddable":true,"href":"https:\/\/libertetogo.tg\/index.php\/wp-json\/wp\/v2\/categories?post=3656"},{"taxonomy":"post_tag","embeddable":true,"href":"https:\/\/libertetogo.tg\/index.php\/wp-json\/wp\/v2\/tags?post=3656"}],"curies":[{"name":"wp","href":"https:\/\/api.w.org\/{rel}","templated":true}]}}