{"id":3462,"date":"2021-03-05T14:01:14","date_gmt":"2021-03-05T14:01:14","guid":{"rendered":"http:\/\/localhost\/libertetogo\/?p=3462"},"modified":"2021-03-05T14:01:14","modified_gmt":"2021-03-05T14:01:14","slug":"olivier-amah-salue-la-resistance-du-peuple-togolais","status":"publish","type":"post","link":"https:\/\/libertetogo.tg\/index.php\/olivier-amah-salue-la-resistance-du-peuple-togolais\/politique\/","title":{"rendered":"Olivier Amah salue la r\u00e9sistance du peuple togolais"},"content":{"rendered":"<p><strong><em>Depuis son exil, l\u2019ex-pr\u00e9sident de l\u2019Association des victimes de torture au Togo (ASVITTO) Olivier Amah r\u00e9agit \u00e0 la situation politique de son pays. Dans le message ci-dessous, il dit appr\u00e9cier la r\u00e9sistance du peuple martyris\u00e9, d\u00e9sabus\u00e9 et sacrifi\u00e9, salue la d\u00e9termination des organisations de la soci\u00e9t\u00e9 civile, les efforts des partis politiques et la bravoure de la diaspora. Il appelle cependant le \u00ab\u00a0gouvernement ill\u00e9gitime\u00a0\u00bb \u00e0 faire preuves de patriotisme et \u00e0 rechercher les indices de sensibilit\u00e9 aux souffrances du peuple. <\/em><\/strong><\/p>\n<p><strong><em>\u00a0<\/em><\/strong><\/p>\n<p><strong>Coup de c\u0153ur patriotique d\u2019Olivier Amah \u00e0 la r\u00e9sistance du peuple togolais<\/strong><\/p>\n<p><strong>R\u00e9sistance Patriotique et Confinement Forc\u00e9<\/strong><\/p>\n<p>Pour commencer, permettez-moi de rappeler que la r\u00e9sistance populaire est le moyen d\u2019expression d\u2019un langage clair aux institutions et dirigeants d\u00e9faillants.<\/p>\n<p>En ma qualit\u00e9 de d\u00e9fenseur des droits humains et m\u2019inscrivant totalement dans l\u2019esprit de la soci\u00e9t\u00e9 civile togolaise, je me retrouve interpell\u00e9 par la situation actuelle de mon pays, le Togo.<\/p>\n<p>J\u2019avais remarqu\u00e9 que depuis la proclamation des r\u00e9sultats frauduleux des \u00e9lections pr\u00e9sidentielles du 22 F\u00e9vrier 2020, une ambiance d\u00e9l\u00e9t\u00e8re accentu\u00e9e s\u2019est install\u00e9e dans notre pays \u00e0 l\u2019indiff\u00e9rence totalement in\u00e9galable des dirigeants de fait qui s\u2019accrochent au pouvoir malgr\u00e9 leur censure par le peuple souverain dans les urnes, engendrant ainsi un climat de r\u00e9sistance entretenu par l\u2019ensemble dudit peuple. Je continue \u00e0 observer plusieurs violations des droits humains, l\u2019usage excessif de la force de la part de ces dirigeants contre les filles et fils de notre pays dans le seul but de conserver le pouvoir. J\u2019observe les assassinats des uns, les emprisonnements des autres et aussi les diff\u00e9rents exercices d\u2019intimidations.<\/p>\n<p>Je paris que je ne remuerai pas le couteau dans la plaie collective des Togolais si je rappelle au passage que plusieurs partenaires peinent \u00e0 reprendre la coop\u00e9ration avec le Togo \u00e0 cause du d\u00e9ficit d\u00e9mocratique et des violations graves des droits humains. Je mart\u00e8le que les diff\u00e9rents gouvernements successifs sous la banni\u00e8re de la dictature ne sont jamais parvenus \u00e0 v\u00e9ritablement r\u00e9tablir la coop\u00e9ration avec le Benelux par exemple, pour ne citer que \u00e7a.<\/p>\n<p>Je peine \u00e0 comprendre pourquoi la v\u00e9rit\u00e9 des urnes ne peut pas \u00eatre une r\u00e9alit\u00e9 imp\u00e9rieusement incontournable dans notre pays qui aspire \u00e0 la d\u00e9mocratie et surtout la raison pour laquelle la volont\u00e9 du peuple \u00e9manant des \u00e9lections pr\u00e9sidentielles du 22 F\u00e9vrier 2020 doit \u00eatre une fois encore confisqu\u00e9e, plongeant ainsi le Togo dans une situation in\u00e9dite en Afrique en le maintenant une fois de plus sous le poids des sanctions internationales qui justifierait le confinement forc\u00e9 de ses dirigeants.<\/p>\n<p>Je peine \u00e0 comprendre l\u2019esprit de la mobilisation de plus de 750 milliards de FCFA pour l\u2019approvisionnement des Forces Arm\u00e9es Togolaises en \u00e9quipements militaires alors que la priorit\u00e9 devrait imp\u00e9rieusement \u00eatre accord\u00e9e \u00e0 la sant\u00e9, \u00e0 l\u2019\u00e9ducation et aux infrastructures essentielles au d\u00e9veloppement d\u2019un pays. L\u2019histoire retiendrait les fournisseurs de ces \u00e9quipements militaires qui seront tr\u00e8s souvent tourn\u00e9s contre les civils aux mains nues. Les massacres de B\u00e8 et de Fr\u00e9au Jardin en 1993 dans la capitale togolaise et ceux d\u2019avril 2005, pour ne citer que ceux-l\u00e0, sont des exemples palpables de l\u2019usage flagrant de l\u2019\u00e9quipement militaire.<\/p>\n<p>Je peine \u00e0 saisir le sens v\u00e9ritable de l\u2019enrichissement en \u00e9quipements militaires alors que mes fr\u00e8res d\u2019armes peinent \u00e0 se loger convenablement et \u00e0 subvenir aux besoins vitaux de leurs familles et surtout \u00e0 avoir une retraite digne.<\/p>\n<p>Face \u00e0 ces diff\u00e9rentes violations des droits les plus \u00e9l\u00e9mentaires des citoyens de la r\u00e9publique, j\u2019assiste \u00e0 la r\u00e9sistance du peuple martyris\u00e9, d\u00e9sabus\u00e9 et sacrifi\u00e9.<\/p>\n<p>J\u2019appr\u00e9cie la r\u00e9sistance multidimensionnelle des dignes filles et fils du Togo par de diff\u00e9rents sacrifices et quelques fois au prix de leur sang et de leurs vies.<\/p>\n<p>J\u2019appr\u00e9cie la d\u00e9termination des organisations de la soci\u00e9t\u00e9 civile qui luttent pour une r\u00e9publique dans laquelle la sacralit\u00e9 de la vie humaine sera primordiale et le respect des droits de l\u2019homme seront vainqueurs.<\/p>\n<p>J\u2019appr\u00e9cie les efforts de diff\u00e9rentes chapelles politiques qui malgr\u00e9 leurs diff\u00e9rents visions et plans d\u2019actions sont suppos\u00e9s aboutir collectivement \u00e0 la lib\u00e9ration de la nation. Je les invite humblement \u00e0 l\u2019abandon des calculs politiciens et \u00e0 l\u2019adoption d\u2019un sursaut patriotique pouvant graver leurs passages sur les pages dor\u00e9es de l\u2019histoire de notre nation.<\/p>\n<p>J\u2019appr\u00e9cie la lueur d\u2019\u00e9veil de consciences des compatriotes et fr\u00e8res d\u2019armes qui commencent \u00e0 faire courir les usurpateurs dans le sens contraire de la v\u00e9rit\u00e9 exposant ainsi la face r\u00e9elle du r\u00e9gime.<\/p>\n<p>J\u2019appr\u00e9cie la bravoure combattante de la diaspora et de ses diff\u00e9rentes organisations qui accentuent le projecteur sur les violations et les abus du r\u00e9gime cinquantenaire de Togo et surtout sur la souffrance du peuple togolais.<\/p>\n<p>Je constate que ces diff\u00e9rentes phases de la r\u00e9sistance envoient un langage plus que limpide aux dirigeants inertes aux souffrances du peuple togolais.<\/p>\n<p>Je constate le confinement forc\u00e9 sans pr\u00e9c\u00e9dent des dirigeants de fait du Togo sous pr\u00e9texte des mesures pr\u00e9ventives de la pand\u00e9mie du COVID-19 alors que la r\u00e9alit\u00e9 reste plut\u00f4t la peur d\u2019affronter les effets de la r\u00e9sistance.<\/p>\n<p>J\u2019ai personnellement compris que ce confinement forc\u00e9 est la cons\u00e9quence directe de la r\u00e9ticence ou de l\u2019\u00e9loignement progressif de certains partenaires strat\u00e9giques qui continuent par douter de la l\u00e9gitimit\u00e9 des dirigeants actuels.<\/p>\n<p>J\u2019ai pris acte des difficult\u00e9s d\u2019actions du gouvernement ill\u00e9gitime obligeant ainsi son actuel ministre des affaires \u00e9trang\u00e8res \u00e0 lorgner la Russie pour des objectifs insuffisamment \u00e9lucid\u00e9s.<\/p>\n<p>Face \u00e0 ces diff\u00e9rentes r\u00e9alit\u00e9s, j\u2019invite les dirigeants de fait \u00e0 faire preuves de patriotisme et \u00e0 rechercher les indices de sensibilit\u00e9 aux souffrances du peuple.<\/p>\n<p>J\u2019invite toute la population togolaise \u00e0 rester debout et surtout \u00e9veill\u00e9e afin de ne plus \u00e9pouser une fois encore les techniques de saupoudrages de l\u2019usurpateur qui sont d\u00e9j\u00e0 en exercice dans certains secteurs essentiels de la nation.<\/p>\n<p>J\u2019adresse finalement un merci sinc\u00e8re et patriotique \u00e0 toutes les entit\u00e9s de r\u00e9sistance et les invite \u00e0 plus d\u2019audace, d\u2019\u00e9veil et d\u2019actions patriotiques dans le but de lib\u00e9rer notre nation de l\u2019emprise de la dictature.<\/p>\n<p>Unis pour la m\u00eame cause, le combat continue.<\/p>\n<p><strong>Olivier Poko AMAH<\/strong><\/p>\n","protected":false},"excerpt":{"rendered":"<p>Depuis son exil, l\u2019ex-pr\u00e9sident de l\u2019Association des victimes de torture au Togo (ASVITTO) Olivier Amah r\u00e9agit \u00e0 la situation politique de son pays. Dans le message ci-dessous, il dit appr\u00e9cier la r\u00e9sistance du peuple martyris\u00e9, d\u00e9sabus\u00e9 et sacrifi\u00e9, salue la d\u00e9termination des organisations de la soci\u00e9t\u00e9 civile, les efforts des partis politiques et la bravoure &hellip;<\/p>\n","protected":false},"author":2,"featured_media":3463,"comment_status":"open","ping_status":"open","sticky":false,"template":"","format":"standard","meta":{"footnotes":""},"categories":[215,4],"tags":[340,594,13],"class_list":["post-3462","post","type-post","status-publish","format-standard","has-post-thumbnail","hentry","category-actualites","category-politique","tag-covid-19","tag-olivier-amah","tag-togo"],"_links":{"self":[{"href":"https:\/\/libertetogo.tg\/index.php\/wp-json\/wp\/v2\/posts\/3462","targetHints":{"allow":["GET"]}}],"collection":[{"href":"https:\/\/libertetogo.tg\/index.php\/wp-json\/wp\/v2\/posts"}],"about":[{"href":"https:\/\/libertetogo.tg\/index.php\/wp-json\/wp\/v2\/types\/post"}],"author":[{"embeddable":true,"href":"https:\/\/libertetogo.tg\/index.php\/wp-json\/wp\/v2\/users\/2"}],"replies":[{"embeddable":true,"href":"https:\/\/libertetogo.tg\/index.php\/wp-json\/wp\/v2\/comments?post=3462"}],"version-history":[{"count":1,"href":"https:\/\/libertetogo.tg\/index.php\/wp-json\/wp\/v2\/posts\/3462\/revisions"}],"predecessor-version":[{"id":3464,"href":"https:\/\/libertetogo.tg\/index.php\/wp-json\/wp\/v2\/posts\/3462\/revisions\/3464"}],"wp:featuredmedia":[{"embeddable":true,"href":"https:\/\/libertetogo.tg\/index.php\/wp-json\/wp\/v2\/media\/3463"}],"wp:attachment":[{"href":"https:\/\/libertetogo.tg\/index.php\/wp-json\/wp\/v2\/media?parent=3462"}],"wp:term":[{"taxonomy":"category","embeddable":true,"href":"https:\/\/libertetogo.tg\/index.php\/wp-json\/wp\/v2\/categories?post=3462"},{"taxonomy":"post_tag","embeddable":true,"href":"https:\/\/libertetogo.tg\/index.php\/wp-json\/wp\/v2\/tags?post=3462"}],"curies":[{"name":"wp","href":"https:\/\/api.w.org\/{rel}","templated":true}]}}