{"id":3435,"date":"2021-03-02T11:18:44","date_gmt":"2021-03-02T11:18:44","guid":{"rendered":"http:\/\/localhost\/libertetogo\/?p=3435"},"modified":"2021-03-02T11:18:44","modified_gmt":"2021-03-02T11:18:44","slug":"exhumations-dans-lave-les-populations-contre-les-inhumations-dans-des-cercueils-communs-et-des-caissons-individuels","status":"publish","type":"post","link":"https:\/\/libertetogo.tg\/index.php\/exhumations-dans-lave-les-populations-contre-les-inhumations-dans-des-cercueils-communs-et-des-caissons-individuels\/societe\/","title":{"rendered":"Exhumations dans l\u2019Av\u00e9 : Les populations contre les inhumations dans des cercueils communs et des caissons individuels"},"content":{"rendered":"<p><strong><em>L\u2019am\u00e9nagement des routes n\u00e9cessite parfois des choix douloureux, mais n\u00e9cessaires. Et les populations dont les cimeti\u00e8res sont situ\u00e9s trop en bordure de la voie Lom\u00e9-Kpalim\u00e9 en font l\u2019exp\u00e9rience.<\/em><\/strong><\/p>\n<p>L\u2019urgence de r\u00e9am\u00e9nager cette voie a fait face \u00e0 des r\u00e9ticences de certains habitants lorsqu\u2019il s\u2019est agi de d\u00e9placer les cimeti\u00e8res. Dans la pr\u00e9fecture de l\u2019Av\u00e9 par exemple, comme il en sera probablement de m\u00eame ailleurs, le processus de gestion des exhumations est g\u00e9r\u00e9 par le pr\u00e9fet de la localit\u00e9, en rapport avec le maire de chaque commune, nous apprend-on au sein du COMEX.<\/p>\n<p>De fa\u00e7on pr\u00e9cise, il nous a \u00e9t\u00e9 rapport\u00e9 que plus de 10 cimeti\u00e8res sont concern\u00e9s, sur le tron\u00e7on, rien que dans cette pr\u00e9fecture seule. C\u2019est ainsi que, sur la base du devis qui a \u00e9t\u00e9 transmis aux finances du COMEX, un cercueil a \u00e9t\u00e9 \u00e9valu\u00e9 \u00e0 20.000 FCFA avec comme principe qu\u2019un seul cercueil recevrait les restes mortels de plusieurs d\u00e9funts.<\/p>\n<p>Mais aux derni\u00e8res nouvelles, nous apprend-on, les populations ne voulant pas cette option, les autorit\u00e9s locales ont d\u00e9cid\u00e9 de faire confectionner des sortes de caissons pour chaque reste mortel pour \u00e9viter de mettre plusieurs d\u00e9funts dans un cercueil commun. Et cette situation frustrerait certains qui appellent les autorit\u00e9s locales \u00e0 respecter les morts. Frustrations l\u00e9gitimes ou excessives\u00a0?<\/p>\n<p>D\u2019autres par contre ne partagent pas cet avis. Ils estiment que la pand\u00e9mie du coronavirus a montr\u00e9 les exc\u00e8s des \u00eatres humains, surtout avec leurs morts. \u00ab\u00a0Depuis plus d\u2019un an d\u00e9j\u00e0, plus aucune famille n\u2019a acc\u00e8s au corps lorsqu\u2019une personne d\u00e9c\u00e8de du coronavirus. Ce faisant, les cercueils bling-bling, \u00e0 co\u00fbt de centaines de milliers de francs sont devenus superflus et inutiles. Et pourtant, les morts de Covid continuent d\u2019\u00eatre enterr\u00e9s\u00a0\u00bb, a r\u00e9pliqu\u00e9 un cadre de l\u2019Av\u00e9.<\/p>\n<p>Dans certains pays, c\u2019est la cr\u00e9mation qui est adopt\u00e9e et les restes des corps sont conserv\u00e9s dans une bouteille par les familles. Sur ce plan, ce n\u2019est jamais dans le sens o\u00f9 le mort a \u00e9t\u00e9 plac\u00e9 dans le four cr\u00e9matoire, qu\u2019il sera r\u00e9cup\u00e9r\u00e9 dans la bouteille. Il n\u2019en r\u00e9sulte que de la poudre repr\u00e9sentant l\u2019enti\u00e8ret\u00e9 du corps.<\/p>\n<p>Mais des habitants pensent que non seulement les caissons sont indignes, mais ne r\u00e9pondent pas aux dimensions d\u2019un cercueil conventionnel. Dans certaines situations, l\u2019Etat peut d\u00e9cider d\u2019enterrer des restes de corps dans des fosses communes sans cercueils ni caissons.<\/p>\n<p><strong><em>Godson K.<\/em><\/strong><\/p>\n","protected":false},"excerpt":{"rendered":"<p>L\u2019am\u00e9nagement des routes n\u00e9cessite parfois des choix douloureux, mais n\u00e9cessaires. Et les populations dont les cimeti\u00e8res sont situ\u00e9s trop en bordure de la voie Lom\u00e9-Kpalim\u00e9 en font l\u2019exp\u00e9rience. L\u2019urgence de r\u00e9am\u00e9nager cette voie a fait face \u00e0 des r\u00e9ticences de certains habitants lorsqu\u2019il s\u2019est agi de d\u00e9placer les cimeti\u00e8res. Dans la pr\u00e9fecture de l\u2019Av\u00e9 par &hellip;<\/p>\n","protected":false},"author":2,"featured_media":3436,"comment_status":"open","ping_status":"open","sticky":false,"template":"","format":"standard","meta":{"footnotes":""},"categories":[215,9],"tags":[582,583,13],"class_list":["post-3435","post","type-post","status-publish","format-standard","has-post-thumbnail","hentry","category-actualites","category-societe","tag-ave","tag-exhumation-des-corps","tag-togo"],"_links":{"self":[{"href":"https:\/\/libertetogo.tg\/index.php\/wp-json\/wp\/v2\/posts\/3435","targetHints":{"allow":["GET"]}}],"collection":[{"href":"https:\/\/libertetogo.tg\/index.php\/wp-json\/wp\/v2\/posts"}],"about":[{"href":"https:\/\/libertetogo.tg\/index.php\/wp-json\/wp\/v2\/types\/post"}],"author":[{"embeddable":true,"href":"https:\/\/libertetogo.tg\/index.php\/wp-json\/wp\/v2\/users\/2"}],"replies":[{"embeddable":true,"href":"https:\/\/libertetogo.tg\/index.php\/wp-json\/wp\/v2\/comments?post=3435"}],"version-history":[{"count":1,"href":"https:\/\/libertetogo.tg\/index.php\/wp-json\/wp\/v2\/posts\/3435\/revisions"}],"predecessor-version":[{"id":3437,"href":"https:\/\/libertetogo.tg\/index.php\/wp-json\/wp\/v2\/posts\/3435\/revisions\/3437"}],"wp:featuredmedia":[{"embeddable":true,"href":"https:\/\/libertetogo.tg\/index.php\/wp-json\/wp\/v2\/media\/3436"}],"wp:attachment":[{"href":"https:\/\/libertetogo.tg\/index.php\/wp-json\/wp\/v2\/media?parent=3435"}],"wp:term":[{"taxonomy":"category","embeddable":true,"href":"https:\/\/libertetogo.tg\/index.php\/wp-json\/wp\/v2\/categories?post=3435"},{"taxonomy":"post_tag","embeddable":true,"href":"https:\/\/libertetogo.tg\/index.php\/wp-json\/wp\/v2\/tags?post=3435"}],"curies":[{"name":"wp","href":"https:\/\/api.w.org\/{rel}","templated":true}]}}