{"id":3162,"date":"2021-01-18T14:26:08","date_gmt":"2021-01-18T14:26:08","guid":{"rendered":"http:\/\/localhost\/libertetogo\/?p=3162"},"modified":"2021-01-18T14:35:37","modified_gmt":"2021-01-18T14:35:37","slug":"universite-de-kara-le-president-et-le-vice-president-a-couteaux-tires","status":"publish","type":"post","link":"https:\/\/libertetogo.tg\/index.php\/universite-de-kara-le-president-et-le-vice-president-a-couteaux-tires\/societe\/","title":{"rendered":"Universit\u00e9 de Kara : Le pr\u00e9sident et le Vice-pr\u00e9sident \u00e0 couteaux tir\u00e9s"},"content":{"rendered":"<p><strong><em>Le ton n\u2019est pas \u00e0 la plaisanterie. Dans un courrier adress\u00e9 au pr\u00e9sident de l\u2019Universit\u00e9 de Kara, le Vice-pr\u00e9sident, professeur Adama Kpodar menace de saisir les juridictions comp\u00e9tentes si les avantages li\u00e9s \u00e0 ses fonctions ne sont pas r\u00e9tablis.\u00a0 <\/em><\/strong><\/p>\n<p>Le torchon br\u00fble entre le pr\u00e9sident de l\u2019Universit\u00e9 de Kara (UK), Professeur Komlan Sanda et son adjoint. Dans un courrier adress\u00e9 au pr\u00e9sident de la seconde universit\u00e9 publique du Togo, Prof Adama Kpodar, Vice-pr\u00e9sident de l\u2019UK s\u2019est plaint de la suspension des avantages li\u00e9s \u00e0 ses fonctions. \u00ab<em>Je me suis rendu \u00e0 Kara pour une r\u00e9union p\u00e9dagogique avec les doyens et les vice-doyens et Monsieur l\u2019Agent-Comptable me fait savoir que sur votre instruction, je n&rsquo;ai plus droit \u00e0 certains de mes avantages li\u00e9s \u00e0 la Vice-pr\u00e9sidence de l\u2019Universit\u00e9 de Kara, pour, est-il dit, \u00ab\u00a0d\u00e9faut d\u2019absence au poste\u00a0\u00bb<\/em>\u00a0\u00bb, \u00e9crit-il.<\/p>\n<p>Pour le Vice-pr\u00e9sident de l\u2019UK, il faut attendre la fin officielle de ses fonctions avant de proc\u00e9der \u00e0 la suspension de ses avantages. \u00ab\u00a0<em>Le poste du Vice-pr\u00e9sident de l\u2019Universit\u00e9 de Kara n\u2019\u00e9tant pas vacant, il va de soi que son occupant que je suis, a vocation \u00e0 b\u00e9n\u00e9ficier des avantages li\u00e9s \u00e0 la fonction<\/em>\u00a0\u00bb, souligne Prof Kpodar qui dit venir demander au pr\u00e9sident de l\u2019UK <em>\u00ab\u00a0de bien vouloir instruire les services comp\u00e9tents afin que les avantages li\u00e9s \u00e0 mes fonctions au sein de l\u2019Universit\u00e9 de Kara soient r\u00e9tablis, sans autre condition<\/em>\u00a0\u00bb.<\/p>\n<p>En cas de non r\u00e9ponse \u00e0 ce courrier qui constitue un recours administratif obligatoire pr\u00e9alable, menace-t-il, il serait dans l\u2019obligation de saisir la juridiction comp\u00e9tente, \u00ab\u00a0<em>afin qu\u2019il soit statu\u00e9 sur le cas<\/em>\u00a0\u00bb.<\/p>\n<p>Cette mont\u00e9e de tension d\u00e9montre le malaise au sein de l\u2019administration de l\u2019UK. Suivant les r\u00e8gles administratives, le Vice-pr\u00e9sident doit \u00eatre inform\u00e9 de la suspension de ses avantages. Le prof Sanda a faut\u00e9 par r\u00e9tention d\u2019information. \u00ab\u00a0<em>C&rsquo;est vraiment de l&rsquo;incomp\u00e9tence de la part du pr\u00e9sident de l&rsquo;UK. Le minimum voudrait qu&rsquo;il signifie la d\u00e9cision par \u00e9crit \u00e0 son vice-pr\u00e9sident en faisant r\u00e9f\u00e9rence aux r\u00e8gles \u00e9l\u00e9mentaires de l&rsquo;administration publique<\/em>\u00a0\u00bb, rel\u00e8ve un enseignant. \u00ab\u00a0<em>C&rsquo;est le signe d&rsquo;un conflit ouvert entre les anciens proches de Faure Gnassingb\u00e9 et les ouvriers de derni\u00e8res minutes\u00a0<\/em>\u00bb, ajoute-t-il sur un ton ironique.<\/p>\n<p>Pour information, prof Adama Kpodar est depuis quelques semaines Directeur g\u00e9n\u00e9ral de l\u2019Ecole nationale d\u2019administration (ENA).<\/p>\n<p><strong><em>G.A.<\/em><\/strong><\/p>\n","protected":false},"excerpt":{"rendered":"<p>Le ton n\u2019est pas \u00e0 la plaisanterie. Dans un courrier adress\u00e9 au pr\u00e9sident de l\u2019Universit\u00e9 de Kara, le Vice-pr\u00e9sident, professeur Adama Kpodar menace de saisir les juridictions comp\u00e9tentes si les avantages li\u00e9s \u00e0 ses fonctions ne sont pas r\u00e9tablis.\u00a0 Le torchon br\u00fble entre le pr\u00e9sident de l\u2019Universit\u00e9 de Kara (UK), Professeur Komlan Sanda et son &hellip;<\/p>\n","protected":false},"author":2,"featured_media":3163,"comment_status":"open","ping_status":"open","sticky":false,"template":"","format":"standard","meta":{"footnotes":""},"categories":[215,9],"tags":[486,487,13,485],"class_list":["post-3162","post","type-post","status-publish","format-standard","has-post-thumbnail","hentry","category-actualites","category-societe","tag-adama-kpodar","tag-sanda","tag-togo","tag-universite-de-kara"],"_links":{"self":[{"href":"https:\/\/libertetogo.tg\/index.php\/wp-json\/wp\/v2\/posts\/3162","targetHints":{"allow":["GET"]}}],"collection":[{"href":"https:\/\/libertetogo.tg\/index.php\/wp-json\/wp\/v2\/posts"}],"about":[{"href":"https:\/\/libertetogo.tg\/index.php\/wp-json\/wp\/v2\/types\/post"}],"author":[{"embeddable":true,"href":"https:\/\/libertetogo.tg\/index.php\/wp-json\/wp\/v2\/users\/2"}],"replies":[{"embeddable":true,"href":"https:\/\/libertetogo.tg\/index.php\/wp-json\/wp\/v2\/comments?post=3162"}],"version-history":[{"count":2,"href":"https:\/\/libertetogo.tg\/index.php\/wp-json\/wp\/v2\/posts\/3162\/revisions"}],"predecessor-version":[{"id":3165,"href":"https:\/\/libertetogo.tg\/index.php\/wp-json\/wp\/v2\/posts\/3162\/revisions\/3165"}],"wp:featuredmedia":[{"embeddable":true,"href":"https:\/\/libertetogo.tg\/index.php\/wp-json\/wp\/v2\/media\/3163"}],"wp:attachment":[{"href":"https:\/\/libertetogo.tg\/index.php\/wp-json\/wp\/v2\/media?parent=3162"}],"wp:term":[{"taxonomy":"category","embeddable":true,"href":"https:\/\/libertetogo.tg\/index.php\/wp-json\/wp\/v2\/categories?post=3162"},{"taxonomy":"post_tag","embeddable":true,"href":"https:\/\/libertetogo.tg\/index.php\/wp-json\/wp\/v2\/tags?post=3162"}],"curies":[{"name":"wp","href":"https:\/\/api.w.org\/{rel}","templated":true}]}}