{"id":2754,"date":"2020-09-02T19:11:53","date_gmt":"2020-09-02T19:11:53","guid":{"rendered":"http:\/\/localhost\/libertetogo\/?p=2754"},"modified":"2020-09-02T19:11:53","modified_gmt":"2020-09-02T19:11:53","slug":"si-shinzo-abe-etait-dirigeant-africain","status":"publish","type":"post","link":"https:\/\/libertetogo.tg\/index.php\/si-shinzo-abe-etait-dirigeant-africain\/edito\/","title":{"rendered":"Si Shinzo Abe \u00e9tait dirigeant africain\u00a0!"},"content":{"rendered":"<p>&nbsp;<\/p>\n<p>&nbsp;<\/p>\n<p><strong>\u00ab\u00a0<em>Il n\u2019y a pas pire combat que de vouloir rester au sommet de l\u2019\u00c9tat tout en se sachant malade comme si rester en poste est une th\u00e9rapie en soi<\/em>\u00a0\u00bb (Abdel-Hafidh Ossoukine)<\/strong><\/p>\n<p>Shinzo Abe passe la main. Le Premier ministre japonais a annonc\u00e9 vendredi 28 ao\u00fbt, lors d\u2019une conf\u00e9rence de presse sa d\u00e9cision de rendre le tablier en raison de probl\u00e8mes de sant\u00e9. \u00ab\u00a0J&rsquo;ai d\u00e9cid\u00e9 de d\u00e9missionner du poste de Premier ministre\u00a0\u00bb, a annonc\u00e9 Shinzo Abe.<\/p>\n<p>Il souffre depuis l\u2019adolescence d\u2019une rectocolite h\u00e9morragique, une maladie inflammatoire chronique des intestins qui s\u2019est aggrav\u00e9e. \u00ab Suivre un traitement et \u00eatre affaibli physiquement fait courir le risque de ne pas pouvoir prendre les d\u00e9cisions et d\u2019obtenir des r\u00e9sultats \u00bb, a expliqu\u00e9 le chef du gouvernement face aux m\u00e9dias. Shinzo Abe dont le mandat prend fin dans un an, a indiqu\u00e9 qu\u2019il continuerait \u00e0 remplir ses fonctions jusqu&rsquo;\u00e0 la nomination d\u2019un nouveau Premier ministre.<\/p>\n<p>Quitter le pouvoir pour raison de sant\u00e9\u00a0? Fait est inimaginable en Afrique. M\u00eame grabataire et exhalant son dernier souffle, le dirigeant africain s\u2019accrochera au pouvoir comme une chauve-souris. L\u2019exemple typique nous vient du Gabon o\u00f9 Ali Ben Bongo Ondimba, terrass\u00e9 par depuis par un accident vasculaire c\u00e9r\u00e9bral (AVC) dont il traine toujours les s\u00e9quelles, continue \u00e0 s\u2019arc-bouter au pouvoir.<\/p>\n<p>Juste en regardant le pr\u00e9sident gabonais, on sent des signes ostentatoires de sa f\u00e9brilit\u00e9 intellectuelle et physique. Ali Bongo n\u2019a pas toutes les capacit\u00e9s n\u00e9cessaires pour diriger le Gabon. Dans un pays normal, apr\u00e8s cette grave attaque c\u00e9r\u00e9brale dont il a \u00e9t\u00e9 victime, le dirigeant gabonais devrait s\u2019\u00e9loigner des tracas li\u00e9s aux charges pr\u00e9sidentielles et au traintrain quotidien et prendre un repos bien m\u00e9rit\u00e9 apr\u00e8s tant de bons et loyaux services rendus \u00e0 la nation gabonaise pendant 11 ans pour se soigner convenablement aux fins de retrouver sa sant\u00e9. Mais il sert de marionnette aux caciques du r\u00e9gime afin qu\u2019ils puissent continuer \u00e0 jouir de leurs privil\u00e8ges et pr\u00e9bendes au sommet de l\u2019Etat.<\/p>\n<p>On a eu l\u2019exemple \u00e9galement en C\u00f4te d\u2019Ivoire o\u00f9 l\u2019ancien Premier ministre Amadou Gon Coulibaly, affaibli par la maladie et faisant d\u2019incessants allers-retours entre Abidjan et les capitales europ\u00e9ennes pour subir des soins, est maintenu \u00e0 son poste et a \u00e9t\u00e9 d\u00e9sign\u00e9 dauphin d\u2019Alassane Ouattara et candidat \u00e0\u00a0la pr\u00e9sidentielle d\u2019octobre 2020. Il se surpassera pour d\u00e9montrer aux Ivoiriens qu\u2019il garde toutes ses capacit\u00e9s physiques pour devenir le prochain pr\u00e9sident de la C\u00f4te d\u2019Ivoire. Il s\u2019\u00e9croulera en plein conseil de ministres et d\u00e9c\u00e9dera.<\/p>\n<p>Ils sont nombreux, ces dirigeants malades qui nous gouvernent sur le continent. De nature, l&rsquo;homme africain est hostile au changement politique et \u00e0 l&rsquo;alternance au pouvoir. Il se soude encore plus solidement au pouvoir se sachant malade. Dans nos pays, l\u2019\u00e9tat de sant\u00e9 d\u2019un dirigeant rel\u00e8ve d\u2019un myst\u00e8re, un secret d\u2019Etat le mieux gard\u00e9 qui peut, dans bien des cas, valoir la prison. M\u00eame si le pr\u00e9sident de la R\u00e9publique est malade, on laisse croire qu&rsquo;il est en parfaite sant\u00e9, qu\u2019il se porte comme un pont neuf. Ils finissent par contracter deux graves maux\u00a0: la maladie physique et la maladie du pouvoir.<\/p>\n<p>Pour Bruce Bueno, dans les syst\u00e8mes autocratiques, un traitement m\u00e9dical ne peut \u00eatre entrepris qu\u2019au risque de perdre le pouvoir. \u00ab Personne n\u2019aime aller chez le docteur. Mais pour un dirigeant politique, la seule nouvelle d\u2019une visite chez le m\u00e9decin parait sonner le glas de sa carri\u00e8re politique \u00bb, estime-t-il.<\/p>\n<p>\u00ab\u00a0Il faut tenir compte de la mentalit\u00e9 tr\u00e8s particuli\u00e8re de ces malades qui nous gouvernent et qui refusent d&rsquo;une part, de consid\u00e9rer leur \u00e9tat de sant\u00e9 comme incompatible avec la direction d&rsquo;un pays ou d&rsquo;une arm\u00e9e, et d&rsquo;autre part, d&rsquo;admettre que les cons\u00e9quences de leur maladie peuvent \u00eatre graves pour leurs concitoyens\u00a0\u00bb, rench\u00e9rissent Pierre Rentchnick et Pierre Accoce dans leur livre \u00ab\u00a0Ces malades qui nous gouvernent\u00a0\u00bb.<\/p>\n<p><strong>M\u00e9dard AMETEPE<\/strong><\/p>\n","protected":false},"excerpt":{"rendered":"<p>&nbsp; &nbsp; \u00ab\u00a0Il n\u2019y a pas pire combat que de vouloir rester au sommet de l\u2019\u00c9tat tout en se sachant malade comme si rester en poste est une th\u00e9rapie en soi\u00a0\u00bb (Abdel-Hafidh Ossoukine) Shinzo Abe passe la main. Le Premier ministre japonais a annonc\u00e9 vendredi 28 ao\u00fbt, lors d\u2019une conf\u00e9rence de presse sa d\u00e9cision de &hellip;<\/p>\n","protected":false},"author":2,"featured_media":2755,"comment_status":"open","ping_status":"open","sticky":false,"template":"","format":"standard","meta":{"footnotes":""},"categories":[3],"tags":[],"class_list":["post-2754","post","type-post","status-publish","format-standard","has-post-thumbnail","hentry","category-edito"],"_links":{"self":[{"href":"https:\/\/libertetogo.tg\/index.php\/wp-json\/wp\/v2\/posts\/2754","targetHints":{"allow":["GET"]}}],"collection":[{"href":"https:\/\/libertetogo.tg\/index.php\/wp-json\/wp\/v2\/posts"}],"about":[{"href":"https:\/\/libertetogo.tg\/index.php\/wp-json\/wp\/v2\/types\/post"}],"author":[{"embeddable":true,"href":"https:\/\/libertetogo.tg\/index.php\/wp-json\/wp\/v2\/users\/2"}],"replies":[{"embeddable":true,"href":"https:\/\/libertetogo.tg\/index.php\/wp-json\/wp\/v2\/comments?post=2754"}],"version-history":[{"count":1,"href":"https:\/\/libertetogo.tg\/index.php\/wp-json\/wp\/v2\/posts\/2754\/revisions"}],"predecessor-version":[{"id":2756,"href":"https:\/\/libertetogo.tg\/index.php\/wp-json\/wp\/v2\/posts\/2754\/revisions\/2756"}],"wp:featuredmedia":[{"embeddable":true,"href":"https:\/\/libertetogo.tg\/index.php\/wp-json\/wp\/v2\/media\/2755"}],"wp:attachment":[{"href":"https:\/\/libertetogo.tg\/index.php\/wp-json\/wp\/v2\/media?parent=2754"}],"wp:term":[{"taxonomy":"category","embeddable":true,"href":"https:\/\/libertetogo.tg\/index.php\/wp-json\/wp\/v2\/categories?post=2754"},{"taxonomy":"post_tag","embeddable":true,"href":"https:\/\/libertetogo.tg\/index.php\/wp-json\/wp\/v2\/tags?post=2754"}],"curies":[{"name":"wp","href":"https:\/\/api.w.org\/{rel}","templated":true}]}}