{"id":2376,"date":"2020-07-03T19:16:19","date_gmt":"2020-07-03T19:16:19","guid":{"rendered":"http:\/\/localhost\/libertetogo\/?p=2376"},"modified":"2020-07-03T19:16:19","modified_gmt":"2020-07-03T19:16:19","slug":"les-hommes-de-dieu-et-lengagement-politique","status":"publish","type":"post","link":"https:\/\/libertetogo.tg\/index.php\/les-hommes-de-dieu-et-lengagement-politique\/edito\/","title":{"rendered":"Les hommes de Dieu et l\u2019engagement politique"},"content":{"rendered":"<p><strong>\u00ab\u00a0<em>L\u2019\u00c9glise ne peut ni ne doit rester \u00e0 l\u2019\u00e9cart dans la lutte pour la justice. Tous les chr\u00e9tiens, et aussi les pasteurs, sont appel\u00e9s \u00e0 se pr\u00e9occuper de la construction d\u2019un monde meilleur <\/em>\u00bb (Pape Fran\u00e7ois)<\/strong><\/p>\n<p>En RD Congo, l\u2019Eglise catholique est toujours engag\u00e9e politiquement. Elle est \u00e0 l\u2019avant-garde du combat pour la v\u00e9rit\u00e9 des urnes, mais aussi pour l\u2019Etat de droit, la bonne gouvernance et le d\u00e9veloppement du pays. Nous rappelions mercredi la sortie tr\u00e8s muscl\u00e9e du cardinal Fridolin Ambongo Besungu, archev\u00eaque m\u00e9tropolitain de Kinshasa \u00e0 l\u2019occasion du 60\u00e8 anniversaire de l\u2019Ind\u00e9pendance du Congo. Il a fustig\u00e9 avec v\u00e9h\u00e9mence la Coalition au pouvoir FCC\/CACH entre le pr\u00e9sident sortant Joseph Kabila et F\u00e9lix Tshisekedi qui, selon lui, entrainerait le pays vers le chaos.<\/p>\n<p>Le pr\u00e9lat a \u00e9lev\u00e9 une vive protestation contre la pr\u00e9sidente du parlement Jeanine Mabunda dans sa volont\u00e9 d\u2019imposer \u00e0 la t\u00eate de la Commission \u00e9lectorale nationale ind\u00e9pendante (CENI), un personnage qui a d\u00e9j\u00e0 fait ses preuves dans les fraudes \u00e9lectorales, malgr\u00e9 l\u2019opposition des Eglises catholique et protestante et des Congolais. Et surtout l\u2019introduction de propositions de loi par les Kabilistes visant \u00e0 placer le syst\u00e8me judiciaire sous leur coupole, prenant ainsi le contre-pied de la Constitution. Mgr Ambongo a lanc\u00e9 un appel au peuple \u00e0 se mettre en ordre de marche et \u00e0 faire barrage \u00e0 ces vell\u00e9it\u00e9s qui, d\u2019apr\u00e8s lui, n\u2019ont comme unique objectif que de prot\u00e9ger les int\u00e9r\u00eats partisans de ceux qui ne veulent pas d\u2019une justice juste.<\/p>\n<p>Au Mali, l\u2019imam Mahmoud Dicko, \u00e9minente figure religieuse, fait trembler le palais pr\u00e9sidentiel. Ancien pr\u00e9sident du Haut conseil islamique, l\u2019imam Dicko mobilise la rue pour d\u00e9noncer les injustices, la corruption, la pauvret\u00e9 et l\u2019ins\u00e9curit\u00e9 qui gangr\u00e8nent le pays. \u00ab\u00a0Nous condamnons la mauvaise gestion du r\u00e9gime, les malversations, les d\u00e9tournements, le mensonge\u00a0\u00bb, a d\u00e9clar\u00e9 l&rsquo;imam d\u00e9but juin 2020, lors d&rsquo;une manifestation appelant \u00e0 la d\u00e9mission du pr\u00e9sident malien Ibrahim Boubacar Ke\u00efta (IBK). Manifestation organis\u00e9e par une coalition qui regroupe la Coordination des mouvements, associations et sympathisants (CMAS) de l&rsquo;imam Dicko, le Front pour la sauvegarde de la d\u00e9mocratie (FSD) un regroupement des partis d&rsquo;opposition et l&rsquo;Espoir Mali Koura (EMK), un mouvement de la soci\u00e9t\u00e9 civile.<\/p>\n<p>Le 19 juin la Coalition est revenue \u00e0 la charge lors d\u2019une manifestation organis\u00e9e \u00e0 la place de l\u2019Ind\u00e9pendance \u00e0 Bamako. L\u2019imam Mahmoud Dicko a appel\u00e9 de nouveau le pr\u00e9sident \u00e0 quitter le pouvoir.\u00a0 \u00ab Le chef de l\u2019Etat n\u2019a plus les aptitudes physiques et mentales pour diriger le pays. Ibrahim Boubacar Ke\u00efta doit partir \u00bb, avait-il lanc\u00e9 sous l\u2019ovation des manifestants.<\/p>\n<p>En avril 2019, il avait exig\u00e9 \u00e0 la d\u00e9mission du Premier ministre d&rsquo;alors, Soumeylou Boub\u00e8ye Ma\u00efga, qui avait rendu son tablier quelques jours tard. En 2011, il avait r\u00e9ussi \u00a0\u00e0 faire suspendre la loi sur le code de la famille, apr\u00e8s avoir mobilis\u00e9 des milliers de Maliens dans les rues de Bamako.<\/p>\n<p>Ici au Togo, la sempiternelle question s\u2019est toujours pos\u00e9e sur l\u2019engagement politique des religieux. Les \u00e9v\u00eaques et les pr\u00eatres sont la cible constante du pouvoir togolais et de ses partisans, hostiles \u00e0 la d\u00e9mocratie et au changement qui ont toujours vu d\u2019un tr\u00e8s mauvais \u0153il l\u2019implication de l\u2019Eglise catholique dans la chose politique, c\u2019est-\u00e0-dire aux affaires de l\u2019Etat. Si le code de droit canonique interdit aux \u00e9v\u00eaques de faire de la politique dans le sens de la conqu\u00eate et de l\u2019exercice du pouvoir, il ne leur est pas interdit de \u00ab\u00a0combattre le bon combat\u00a0\u00bb, c\u2019est-\u00e0-dire s\u2019engager pour la paix sociale qui passe par la justice sociale, l\u2019Etat de droit et la d\u00e9mocratie.<\/p>\n<p><strong>M\u00e9dard AMETEPE<\/strong><\/p>\n<p>&nbsp;<\/p>\n","protected":false},"excerpt":{"rendered":"<p>\u00ab\u00a0L\u2019\u00c9glise ne peut ni ne doit rester \u00e0 l\u2019\u00e9cart dans la lutte pour la justice. Tous les chr\u00e9tiens, et aussi les pasteurs, sont appel\u00e9s \u00e0 se pr\u00e9occuper de la construction d\u2019un monde meilleur \u00bb (Pape Fran\u00e7ois) En RD Congo, l\u2019Eglise catholique est toujours engag\u00e9e politiquement. Elle est \u00e0 l\u2019avant-garde du combat pour la v\u00e9rit\u00e9 des &hellip;<\/p>\n","protected":false},"author":2,"featured_media":2377,"comment_status":"open","ping_status":"open","sticky":false,"template":"","format":"standard","meta":{"footnotes":""},"categories":[3],"tags":[],"class_list":["post-2376","post","type-post","status-publish","format-standard","has-post-thumbnail","hentry","category-edito"],"_links":{"self":[{"href":"https:\/\/libertetogo.tg\/index.php\/wp-json\/wp\/v2\/posts\/2376","targetHints":{"allow":["GET"]}}],"collection":[{"href":"https:\/\/libertetogo.tg\/index.php\/wp-json\/wp\/v2\/posts"}],"about":[{"href":"https:\/\/libertetogo.tg\/index.php\/wp-json\/wp\/v2\/types\/post"}],"author":[{"embeddable":true,"href":"https:\/\/libertetogo.tg\/index.php\/wp-json\/wp\/v2\/users\/2"}],"replies":[{"embeddable":true,"href":"https:\/\/libertetogo.tg\/index.php\/wp-json\/wp\/v2\/comments?post=2376"}],"version-history":[{"count":1,"href":"https:\/\/libertetogo.tg\/index.php\/wp-json\/wp\/v2\/posts\/2376\/revisions"}],"predecessor-version":[{"id":2378,"href":"https:\/\/libertetogo.tg\/index.php\/wp-json\/wp\/v2\/posts\/2376\/revisions\/2378"}],"wp:featuredmedia":[{"embeddable":true,"href":"https:\/\/libertetogo.tg\/index.php\/wp-json\/wp\/v2\/media\/2377"}],"wp:attachment":[{"href":"https:\/\/libertetogo.tg\/index.php\/wp-json\/wp\/v2\/media?parent=2376"}],"wp:term":[{"taxonomy":"category","embeddable":true,"href":"https:\/\/libertetogo.tg\/index.php\/wp-json\/wp\/v2\/categories?post=2376"},{"taxonomy":"post_tag","embeddable":true,"href":"https:\/\/libertetogo.tg\/index.php\/wp-json\/wp\/v2\/tags?post=2376"}],"curies":[{"name":"wp","href":"https:\/\/api.w.org\/{rel}","templated":true}]}}